{"id":248813,"date":"2013-08-30T11:55:12","date_gmt":"2013-08-30T09:55:12","guid":{"rendered":"http:\/\/www.ivg.it\/?p=248813"},"modified":"2013-08-31T15:19:52","modified_gmt":"2013-08-31T13:19:52","slug":"toshiba-a-carcare-la-cgil-chiede-la-convocazione-di-un-tavolo-urgente-ricollocare-i-lavoratori-in-difficolta","status":"publish","type":"post","link":"https:\/\/staging.ivg.it\/2013\/08\/toshiba-a-carcare-la-cgil-chiede-la-convocazione-di-un-tavolo-urgente-ricollocare-i-lavoratori-in-difficolta\/","title":{"rendered":"Toshiba a Carcare, la Cgil chiede la convocazione di un tavolo urgente: &#8220;Ricollocare i lavoratori in difficolt\u00e0&#8221;"},"content":{"rendered":"<p><strong>Carcare<\/strong>. Considerato il colpo d&#8217;acceleratore sul progetto di insediamento di Toshiba in Valbormida, la Cgil chiede un incontro urgente con soggetti istituzionali e rappresentanti della multinazionale per capire cosa effettivamente porter\u00e0 quello che, per il colosso nipponico, sarebbe il primo stabilimento manifatturiero in Europa. <\/p>\n<p>Spiega Fulvia Veirana, segretario generale della Cgil savonese: &#8220;L&#8217;insediamento Toshiba \u00e8 l&#8217;unica opportunit\u00e0 ad oggi nell&#8217;orizzonte di Savona, per cui si tratta di un&#8217;occasione da coltivare. Si \u00e8 parlato molto, ma non si conosce ancora il vero progetto dell&#8217;azienda sul territorio. E&#8217; fondamentale intanto che Provincia e Regioni che convochino un tavolo, cos\u00ec da fornire gli elementi per capire quali saranno le prospettive occupazionali&#8221;. <\/p>\n<p>&#8220;La crisi in provincia di Savona continua a mordere, con situazioni gravissime ed espulsioni dal lavoro &#8211; prosegue &#8211; Occorre sapere, rispetto al lavoro che fa Toshiba, come i lavoratori possano essere riconvertiti per entrare in quel mercato; dopo, ovviamente, servono garanzie affinch\u00e9 i lavoratori ci entrino. Al pi\u00f9 presto serve una convocazione specifica su quello che sar\u00e0 l&#8217;impatto di Toshiba, anche per l&#8217;indotto&#8221;.<\/p>\n<p>Si \u00e8 stimato che l&#8217;arrivo di Toshiba Transmission &#038; Distribution Europe Spa a Carcare possa tradursi in 200 nuovi posti di lavoro, pi\u00f9 ricadute economiche di rilievo per l&#8217;indotto e in particolare per la Am Stampi di Bragno. Un&#8217;autentica boccata d&#8217;ossigeno nella crisi nera del tessuto produttivo provinciale. Per met\u00e0 settembre \u00e8 prevista la conferenza dei servizi deliberante; l\u2019iter autorizzativo dovrebbe chiudersi entro il 31 ottobre. <\/p>\n<p>&#8220;Fino ad ora il protocollo siglato con la Provincia sull&#8217;emergenza lavoro non ha dato frutti &#8211; commenta Fulvia Veirana &#8211; Auspichiamo che in questa circostanza la Provincia voglia giocare un ruolo. Altrimenti chiederemo all&#8217;azienda direttamente di aprire la discussione. Io credo che le istituzioni, che tanto hanno fatto per portare qui un&#8217;opportunit\u00e0 di questo genere, a partire dalla Regione, si sentano di giocare un ruolo sociale per la ricollocazione dei lavoratori in difficolt\u00e0&#8221;.<\/p>\n<p>&#8220;Sono gi\u00e0 stati preventivati corsi di formazione, ma la formazione si fa sapendo bene che tipo di preparazione serve per un&#8217;azienda. Vogliamo che i soldi pubblici siano spesi per trovare un&#8217;occupazione per quei lavoratori costretti in una specie di limbo&#8221; conclude il segretario della Cgil. <\/p>\n","protected":false},"excerpt":{"rendered":"<p>Carcare. Considerato il colpo d&#8217;acceleratore sul progetto di insediamento di Toshiba in Valbormida, la Cgil chiede un incontro urgente con soggetti istituzionali e rappresentanti della multinazionale per capire cosa effettivamente porter\u00e0 quello che, per il colosso nipponico, sarebbe il primo stabilimento manifatturiero in Europa. Spiega Fulvia Veirana, segretario generale della Cgil savonese: &#8220;L&#8217;insediamento Toshiba \u00e8 [&hellip;]<\/p>\n","protected":false},"author":13744,"featured_media":0,"comment_status":"open","ping_status":"closed","sticky":false,"template":"","format":"standard","meta":{"footnotes":""},"categories":[35],"tags":[85852,507,5314,1817,1013,41966,820,744],"class_list":["post-248813","post","type-post","status-publish","format-standard","hentry","category-economia","tag-carcare","tag-cgil","tag-fulvia-veirana","tag-industria","tag-occupazione","tag-toshiba","tag-valbormida","tag-wwf","post_cat_citta-andora","post_cat_citta-carcare"],"amp_validity":null,"amp_enabled":true,"_links":{"self":[{"href":"https:\/\/staging.ivg.it\/ediapi\/wp\/v2\/posts\/248813","targetHints":{"allow":["GET"]}}],"collection":[{"href":"https:\/\/staging.ivg.it\/ediapi\/wp\/v2\/posts"}],"about":[{"href":"https:\/\/staging.ivg.it\/ediapi\/wp\/v2\/types\/post"}],"author":[{"embeddable":true,"href":"https:\/\/staging.ivg.it\/ediapi\/wp\/v2\/users\/13744"}],"replies":[{"embeddable":true,"href":"https:\/\/staging.ivg.it\/ediapi\/wp\/v2\/comments?post=248813"}],"version-history":[{"count":0,"href":"https:\/\/staging.ivg.it\/ediapi\/wp\/v2\/posts\/248813\/revisions"}],"wp:attachment":[{"href":"https:\/\/staging.ivg.it\/ediapi\/wp\/v2\/media?parent=248813"}],"wp:term":[{"taxonomy":"category","embeddable":true,"href":"https:\/\/staging.ivg.it\/ediapi\/wp\/v2\/categories?post=248813"},{"taxonomy":"post_tag","embeddable":true,"href":"https:\/\/staging.ivg.it\/ediapi\/wp\/v2\/tags?post=248813"}],"curies":[{"name":"wp","href":"https:\/\/api.w.org\/{rel}","templated":true}]}}