{"id":248741,"date":"2013-08-29T11:57:11","date_gmt":"2013-08-29T09:57:11","guid":{"rendered":"http:\/\/www.ivg.it\/?p=248741"},"modified":"2013-08-30T09:11:25","modified_gmt":"2013-08-30T07:11:25","slug":"albenga-saluta-barbara-di-bella","status":"publish","type":"post","link":"https:\/\/staging.ivg.it\/2013\/08\/albenga-saluta-barbara-di-bella\/","title":{"rendered":"Albenga saluta Barbara Di Bella: &#8220;Ci mancher\u00e0 la tua forza ed il tuo grande sorriso&#8230;&#8221;"},"content":{"rendered":"<p><strong>Albenga.<\/strong> Folla commossa alla Parrocchia del Sacro Cuore di Albenga per l\u2019ultimo saluto a Barbara Di Bella, deceduta a soli 25 anni dopo una lunga e rara malattia che l\u2019ha accompagnata dall&#8217;et\u00e0 di 10 anni. Tanti messaggi di cordoglio arrivati in queste ore a mamma Patrizia e pap\u00e0 Leonardo.<\/p>\n<p>Presente una delegazione dell\u2019Istituto Alberghiero di Alassio, dove Barbara si \u00e8 diplomata, sempre seguita nel corso del suo percorso formativo dallo staff di insegnanti di sostegno.<\/p>\n<p>Ai funerali, in una chiesa gremita, hanno presso parte parenti, amici e tanti esponenti del mondo del volontariato ingauno, con in testa la Consulta disabili di Albenga: &#8220;Barbara era una ragazza di una straordinaria intelligenza ed ironia, con un sorriso aperto e sincero&#8230;Ci ha insegnato tanto in questi anni e la sua scomparsa lascia un vuoto incolmabile &#8211; dice Antonella Ceccon, membro della Consulta e presidente dell&#8217;associazione &#8220;Insieme Amici del Sabato&#8221;, operativa ad Albenga dal 1986 e che si occupa di attivit\u00e0 ludiche per ragazzi diversamente abili -. Con lei in questi anni abbiamo condiviso tanti momenti, belli e brutti, che \u00e8 difficile ricordarne uno&#8230;So solo che mancher\u00e0 a tutti noi, a quelli che l&#8217;hanno conosciuta ed amata&#8230;&#8221;.<\/p>\n<p>Nella sua omelia don Gigi, che conosceva Barbara fin dalla nascita, ha ricordato la ragazza e la sua forza nel continuare a vivere intensamente nonostante le difficolt\u00e0 della malattia. La salma verr\u00e0 cremata e le ceneri saranno poste a fianco dell&#8217;amata nonna materna nel cimitero di Leca.<\/p>\n","protected":false},"excerpt":{"rendered":"<p>Albenga. Folla commossa alla Parrocchia del Sacro Cuore di Albenga per l\u2019ultimo saluto a Barbara Di Bella, deceduta a soli 25 anni dopo una lunga e rara malattia che l\u2019ha accompagnata dall&#8217;et\u00e0 di 10 anni. Tanti messaggi di cordoglio arrivati in queste ore a mamma Patrizia e pap\u00e0 Leonardo. Presente una delegazione dell\u2019Istituto Alberghiero di [&hellip;]<\/p>\n","protected":false},"author":4,"featured_media":0,"comment_status":"open","ping_status":"closed","sticky":false,"template":"","format":"standard","meta":{"footnotes":""},"categories":[34],"tags":[85841,1382],"class_list":["post-248741","post","type-post","status-publish","format-standard","hentry","category-cronaca","tag-albenga","tag-funerali","post_cat_citta-albenga","post_cat_citta-andora"],"amp_validity":null,"amp_enabled":true,"_links":{"self":[{"href":"https:\/\/staging.ivg.it\/ediapi\/wp\/v2\/posts\/248741","targetHints":{"allow":["GET"]}}],"collection":[{"href":"https:\/\/staging.ivg.it\/ediapi\/wp\/v2\/posts"}],"about":[{"href":"https:\/\/staging.ivg.it\/ediapi\/wp\/v2\/types\/post"}],"author":[{"embeddable":true,"href":"https:\/\/staging.ivg.it\/ediapi\/wp\/v2\/users\/4"}],"replies":[{"embeddable":true,"href":"https:\/\/staging.ivg.it\/ediapi\/wp\/v2\/comments?post=248741"}],"version-history":[{"count":0,"href":"https:\/\/staging.ivg.it\/ediapi\/wp\/v2\/posts\/248741\/revisions"}],"wp:attachment":[{"href":"https:\/\/staging.ivg.it\/ediapi\/wp\/v2\/media?parent=248741"}],"wp:term":[{"taxonomy":"category","embeddable":true,"href":"https:\/\/staging.ivg.it\/ediapi\/wp\/v2\/categories?post=248741"},{"taxonomy":"post_tag","embeddable":true,"href":"https:\/\/staging.ivg.it\/ediapi\/wp\/v2\/tags?post=248741"}],"curies":[{"name":"wp","href":"https:\/\/api.w.org\/{rel}","templated":true}]}}