{"id":248699,"date":"2013-08-28T16:48:23","date_gmt":"2013-08-28T14:48:23","guid":{"rendered":"http:\/\/www.ivg.it\/?p=248699"},"modified":"2013-08-29T10:02:42","modified_gmt":"2013-08-29T08:02:42","slug":"albenga-lutto-per-la-scomparsa-della-25enne-barbara-di-bella","status":"publish","type":"post","link":"https:\/\/staging.ivg.it\/2013\/08\/albenga-lutto-per-la-scomparsa-della-25enne-barbara-di-bella\/","title":{"rendered":"Albenga, lutto per la scomparsa della 25enne Barbara Di Bella"},"content":{"rendered":"<p><strong>Albenga <\/strong>in lutto per il decesso della giovane Barbara Di Bella, 25 anni, stroncata da una lunga malattia che la ha accompagnata dall&#8217;et\u00e0 di 10 anni. Lascia la madre Patrizia e il padre Leonardo. I funerali si svolgeranno domani, gioved\u00ec 29 agosto, alle ore 10 nella parrocchia del Sacro Cuore di Albenga. Il Rosario \u00e8 fissato per questa sera alle 19,30 nella camera ardente dell&#8217;ospedale di Albenga. <\/p>\n<p>Lutto anche all&#8217;istituto alberghiero di Alassio, dove Barbara si \u00e8 diplomata. La ragazza ha trascorso gli ultimi mesi a letto, alimentata artificialmente.<\/p>\n","protected":false},"excerpt":{"rendered":"<p>Albenga in lutto per il decesso della giovane Barbara Di Bella, 25 anni, stroncata da una lunga malattia che la ha accompagnata dall&#8217;et\u00e0 di 10 anni. Lascia la madre Patrizia e il padre Leonardo. I funerali si svolgeranno domani, gioved\u00ec 29 agosto, alle ore 10 nella parrocchia del Sacro Cuore di Albenga. Il Rosario \u00e8 [&hellip;]<\/p>\n","protected":false},"author":13744,"featured_media":0,"comment_status":"open","ping_status":"closed","sticky":false,"template":"","format":"standard","meta":{"footnotes":""},"categories":[34],"tags":[85824,85841,1220],"class_list":["post-248699","post","type-post","status-publish","format-standard","hentry","category-cronaca","tag-alassio","tag-albenga","tag-lutto","post_cat_citta-alassio","post_cat_citta-albenga"],"amp_validity":null,"amp_enabled":true,"_links":{"self":[{"href":"https:\/\/staging.ivg.it\/ediapi\/wp\/v2\/posts\/248699","targetHints":{"allow":["GET"]}}],"collection":[{"href":"https:\/\/staging.ivg.it\/ediapi\/wp\/v2\/posts"}],"about":[{"href":"https:\/\/staging.ivg.it\/ediapi\/wp\/v2\/types\/post"}],"author":[{"embeddable":true,"href":"https:\/\/staging.ivg.it\/ediapi\/wp\/v2\/users\/13744"}],"replies":[{"embeddable":true,"href":"https:\/\/staging.ivg.it\/ediapi\/wp\/v2\/comments?post=248699"}],"version-history":[{"count":0,"href":"https:\/\/staging.ivg.it\/ediapi\/wp\/v2\/posts\/248699\/revisions"}],"wp:attachment":[{"href":"https:\/\/staging.ivg.it\/ediapi\/wp\/v2\/media?parent=248699"}],"wp:term":[{"taxonomy":"category","embeddable":true,"href":"https:\/\/staging.ivg.it\/ediapi\/wp\/v2\/categories?post=248699"},{"taxonomy":"post_tag","embeddable":true,"href":"https:\/\/staging.ivg.it\/ediapi\/wp\/v2\/tags?post=248699"}],"curies":[{"name":"wp","href":"https:\/\/api.w.org\/{rel}","templated":true}]}}