{"id":248671,"date":"2013-08-28T13:28:24","date_gmt":"2013-08-28T11:28:24","guid":{"rendered":"http:\/\/www.ivg.it\/?p=248671"},"modified":"2013-08-28T16:41:29","modified_gmt":"2013-08-28T14:41:29","slug":"calcio-il-savona-fa-le-cose-in-grande-diretta-streaming-per-la-presentazione-in-piazza-sisto-iv","status":"publish","type":"post","link":"https:\/\/staging.ivg.it\/2013\/08\/calcio-il-savona-fa-le-cose-in-grande-diretta-streaming-per-la-presentazione-in-piazza-sisto-iv\/","title":{"rendered":"Calcio, il Savona fa le cose in grande: diretta streaming per la presentazione in Piazza Sisto IV"},"content":{"rendered":"<p><strong>Savona.<\/strong> Entusiasmo. La parola d&#8217;ordine alla vigilia della presentazione ufficiale del Savona Fbc, domani alle 19 in Piazza Sista IV \u00e8 una sola.<\/p>\n<p>L&#8217;arrivo di Cesarini, attaccante di indubbie qualit\u00e0, ha solleticato non poco anche il palato dei tifosi biancobl\u00f9 pi\u00f9 esigenti. La squadra, sotto la regia dei mister Corda e Mattu, sta lavorando sodo per farsi trovare prontissima per l&#8217;appuntamento clou di domenica sera al &#8220;Bacigalupo&#8221;\u00a0contro l&#8217;Albinoleffe. Oggi \u00e8 in programma una doppa seduta di allenamento.<\/p>\n<p>Per la presentazione ufficiale di domani, patrocinata dal Comune di Savona,\u00a0siamo ormai ai dettagli. Subito una nota: l&#8217;evento, che partir\u00e0 alle 19,\u00a0potr\u00e0 essere seguito in diretta streaming direttamente sul sito internet della societ\u00e0 <a href=\"http:\/\/www.savonafbc.it\/\">www.savonafbc.it<\/a>. Verr\u00e0 aperta una finestra apposta, in modo che i tanti tifosi del Savona Fbc all&#8217;estero o comunque impossibilittati ad essere presenti perch\u00e8 in vacanza o per motivi di lavoro, possano\u00a0lo stesso\u00a0sentirsi vicini alla squadra. Da Fulvio Cerulli, preziosissimo organizzatore dell&#8217;evento e grande tifoso biancobl\u00f9, dai suoi collaboratori Massimo Fornasier e Marco Schirripa, verranno utilizzate attrezzature all&#8217;avanguardia: maxischermo a led visibile a luce giorno; impianto audio 5000 watt; telecamere e regia video per diretta sullo schermo e lancio filmati. Tutto per coinvolgere il pi\u00f9 posibile la tifoseria.<\/p>\n<p>Sempre domani, a partire dalle 16 in una specifica postazione di piazza Sisto IV, si potranno infine\u00a0sottoscrivere esclusivamente gli abbonamenti per la stagione 2013\/2014, nell&#8217;ambito della campagna &#8220;C1 S1AMO&#8221;. Sono gi\u00e0 state superate le tessere staccate nella passata stagione, ma il Savona Fbc si augura un&#8217;accelerata, consona all&#8217;importanza del campionato che finalmente, dopo trentanove anni, la societ\u00e0 andr\u00e0 ad affrontare<\/p>\n","protected":false},"excerpt":{"rendered":"<p>Savona. Entusiasmo. La parola d&#8217;ordine alla vigilia della presentazione ufficiale del Savona Fbc, domani alle 19 in Piazza Sista IV \u00e8 una sola. L&#8217;arrivo di Cesarini, attaccante di indubbie qualit\u00e0, ha solleticato non poco anche il palato dei tifosi biancobl\u00f9 pi\u00f9 esigenti. La squadra, sotto la regia dei mister Corda e Mattu, sta lavorando sodo [&hellip;]<\/p>\n","protected":false},"author":13744,"featured_media":0,"comment_status":"open","ping_status":"closed","sticky":false,"template":"","format":"standard","meta":{"footnotes":""},"categories":[1578,32],"tags":[85989,1669,85850],"class_list":["post-248671","post","type-post","status-publish","format-standard","hentry","category-savona-calcio","category-sport","tag-calcio","tag-presentazione","tag-savona","post_cat_citta-savona"],"amp_validity":null,"amp_enabled":true,"_links":{"self":[{"href":"https:\/\/staging.ivg.it\/ediapi\/wp\/v2\/posts\/248671","targetHints":{"allow":["GET"]}}],"collection":[{"href":"https:\/\/staging.ivg.it\/ediapi\/wp\/v2\/posts"}],"about":[{"href":"https:\/\/staging.ivg.it\/ediapi\/wp\/v2\/types\/post"}],"author":[{"embeddable":true,"href":"https:\/\/staging.ivg.it\/ediapi\/wp\/v2\/users\/13744"}],"replies":[{"embeddable":true,"href":"https:\/\/staging.ivg.it\/ediapi\/wp\/v2\/comments?post=248671"}],"version-history":[{"count":0,"href":"https:\/\/staging.ivg.it\/ediapi\/wp\/v2\/posts\/248671\/revisions"}],"wp:attachment":[{"href":"https:\/\/staging.ivg.it\/ediapi\/wp\/v2\/media?parent=248671"}],"wp:term":[{"taxonomy":"category","embeddable":true,"href":"https:\/\/staging.ivg.it\/ediapi\/wp\/v2\/categories?post=248671"},{"taxonomy":"post_tag","embeddable":true,"href":"https:\/\/staging.ivg.it\/ediapi\/wp\/v2\/tags?post=248671"}],"curies":[{"name":"wp","href":"https:\/\/api.w.org\/{rel}","templated":true}]}}