{"id":248650,"date":"2013-08-28T09:20:16","date_gmt":"2013-08-28T07:20:16","guid":{"rendered":"http:\/\/www.ivg.it\/?p=248650"},"modified":"2013-08-28T19:06:53","modified_gmt":"2013-08-28T17:06:53","slug":"savona-gatta-di-strada-centenaria-cerca-una-casa-dove-trascorrere-una-vecchiaia-serena","status":"publish","type":"post","link":"https:\/\/staging.ivg.it\/2013\/08\/savona-gatta-di-strada-centenaria-cerca-una-casa-dove-trascorrere-una-vecchiaia-serena\/","title":{"rendered":"Savona, gatta di strada &#8220;centenaria&#8221; cerca una casa dove trascorrere una vecchiaia serena"},"content":{"rendered":"<p><strong>Savona<\/strong>. Appello della Protezione Animali savonese per trovare una casa accogliente per la decana dei gatti liberi del quartiere Fornaci di Savona. &#8220;Lei \u00e8 una gatta che, malgrado la vita di strada, ha raggiunto la venerabile ed eccezionale et\u00e0 di 22 anni (paragonabili, grossolanamente, ai nostri cento ed oltre) e che ora comincia ad avere i primi acciacchi della vecchiaia, con una leggera insufficienza renale&#8221; spiegano i volontari dell&#8217;Enpa che da anni si prendono cura dell&#8217;animale.<\/p>\n<p>&#8220;Per rimetterla in sesto \u00e8 stata ricoverata nella nostra sede di via Cavour 48 r dove ora, ripresasi, \u00e8 in attesa di una famiglia davvero animalista, che voglia adottarla per farle passare i suoi ultimi anni in tranquillit\u00e0&#8221; spiegano dall&#8217;associazione animalista. Gli interessati potranno vederla da luned\u00ec a sabato, dalle 10 alle 12 e dalle 17 alle 19, telefono 019 824735.<\/p>\n","protected":false},"excerpt":{"rendered":"<p>Savona. Appello della Protezione Animali savonese per trovare una casa accogliente per la decana dei gatti liberi del quartiere Fornaci di Savona. &#8220;Lei \u00e8 una gatta che, malgrado la vita di strada, ha raggiunto la venerabile ed eccezionale et\u00e0 di 22 anni (paragonabili, grossolanamente, ai nostri cento ed oltre) e che ora comincia ad avere [&hellip;]<\/p>\n","protected":false},"author":13744,"featured_media":0,"comment_status":"open","ping_status":"closed","sticky":false,"template":"","format":"standard","meta":{"footnotes":""},"categories":[56],"tags":[1893,436,437,85850],"class_list":["post-248650","post","type-post","status-publish","format-standard","hentry","category-altre","tag-adozione","tag-enpa","tag-gatta","tag-savona","post_cat_citta-savona"],"amp_validity":null,"amp_enabled":true,"_links":{"self":[{"href":"https:\/\/staging.ivg.it\/ediapi\/wp\/v2\/posts\/248650","targetHints":{"allow":["GET"]}}],"collection":[{"href":"https:\/\/staging.ivg.it\/ediapi\/wp\/v2\/posts"}],"about":[{"href":"https:\/\/staging.ivg.it\/ediapi\/wp\/v2\/types\/post"}],"author":[{"embeddable":true,"href":"https:\/\/staging.ivg.it\/ediapi\/wp\/v2\/users\/13744"}],"replies":[{"embeddable":true,"href":"https:\/\/staging.ivg.it\/ediapi\/wp\/v2\/comments?post=248650"}],"version-history":[{"count":0,"href":"https:\/\/staging.ivg.it\/ediapi\/wp\/v2\/posts\/248650\/revisions"}],"wp:attachment":[{"href":"https:\/\/staging.ivg.it\/ediapi\/wp\/v2\/media?parent=248650"}],"wp:term":[{"taxonomy":"category","embeddable":true,"href":"https:\/\/staging.ivg.it\/ediapi\/wp\/v2\/categories?post=248650"},{"taxonomy":"post_tag","embeddable":true,"href":"https:\/\/staging.ivg.it\/ediapi\/wp\/v2\/tags?post=248650"}],"curies":[{"name":"wp","href":"https:\/\/api.w.org\/{rel}","templated":true}]}}