{"id":248464,"date":"2013-08-25T18:16:14","date_gmt":"2013-08-25T16:16:14","guid":{"rendered":"http:\/\/www.ivg.it\/?p=248464"},"modified":"2013-08-26T11:30:04","modified_gmt":"2013-08-26T09:30:04","slug":"meteo-giornate-allinsegna-dellinstabilita-da-giovedi-torna-lestate","status":"publish","type":"post","link":"https:\/\/staging.ivg.it\/2013\/08\/meteo-giornate-allinsegna-dellinstabilita-da-giovedi-torna-lestate\/","title":{"rendered":"Meteo, giornate all&#8217;insegna dell&#8217;instabilit\u00e0: da gioved\u00ec torna l&#8217;estate"},"content":{"rendered":"<p><strong>Savona.<\/strong> L\u2019estate si prende forse una piccola pausa, in attesa di una ripresa gi\u00e0 da gioved\u00ec e per i primi 15 giorni di settembre. La prossima settimana, infatti, sar\u00e0 all\u2019insegna della variabilit\u00e0: lo spazio per il sole non sar\u00e0 molto e non mancheranno le probabilit\u00e0 di precipitazioni.<\/p>\n<p>Gli esperti meteo prevedono gi\u00e0 da domani una giornata all&#8217;insegna dell\u2019instabilit\u00e0. Sulle coste le nubi si alterneranno ad ampi sprazzi di sole, mentre nell\u2019interno il cielo sar\u00e0 in prevalenza molto nuvoloso; non mancheranno piogge e temporali, al pi\u00f9 moderati.<\/p>\n<p>Da segnalare anche un moderato calo delle temperature, mentre l\u2019umidit\u00e0 si assester\u00e0 su valori medio-alti. Tempo incerto per il resto della settimana, ma sembra che da gioved\u00ec il sole torner\u00e0 a splendere pi\u00f9 stabilmente.<\/p>\n","protected":false},"excerpt":{"rendered":"<p>Savona. L\u2019estate si prende forse una piccola pausa, in attesa di una ripresa gi\u00e0 da gioved\u00ec e per i primi 15 giorni di settembre. La prossima settimana, infatti, sar\u00e0 all\u2019insegna della variabilit\u00e0: lo spazio per il sole non sar\u00e0 molto e non mancheranno le probabilit\u00e0 di precipitazioni. Gli esperti meteo prevedono gi\u00e0 da domani una [&hellip;]<\/p>\n","protected":false},"author":13744,"featured_media":0,"comment_status":"open","ping_status":"closed","sticky":false,"template":"","format":"standard","meta":{"footnotes":""},"categories":[56],"tags":[6793,652,9874,13392],"class_list":["post-248464","post","type-post","status-publish","format-standard","hentry","category-altre","tag-estate","tag-meteo","tag-sole","tag-temperature","post_cat_citta-andora"],"amp_validity":null,"amp_enabled":true,"_links":{"self":[{"href":"https:\/\/staging.ivg.it\/ediapi\/wp\/v2\/posts\/248464","targetHints":{"allow":["GET"]}}],"collection":[{"href":"https:\/\/staging.ivg.it\/ediapi\/wp\/v2\/posts"}],"about":[{"href":"https:\/\/staging.ivg.it\/ediapi\/wp\/v2\/types\/post"}],"author":[{"embeddable":true,"href":"https:\/\/staging.ivg.it\/ediapi\/wp\/v2\/users\/13744"}],"replies":[{"embeddable":true,"href":"https:\/\/staging.ivg.it\/ediapi\/wp\/v2\/comments?post=248464"}],"version-history":[{"count":0,"href":"https:\/\/staging.ivg.it\/ediapi\/wp\/v2\/posts\/248464\/revisions"}],"wp:attachment":[{"href":"https:\/\/staging.ivg.it\/ediapi\/wp\/v2\/media?parent=248464"}],"wp:term":[{"taxonomy":"category","embeddable":true,"href":"https:\/\/staging.ivg.it\/ediapi\/wp\/v2\/categories?post=248464"},{"taxonomy":"post_tag","embeddable":true,"href":"https:\/\/staging.ivg.it\/ediapi\/wp\/v2\/tags?post=248464"}],"curies":[{"name":"wp","href":"https:\/\/api.w.org\/{rel}","templated":true}]}}