{"id":248393,"date":"2013-08-23T15:35:37","date_gmt":"2013-08-23T13:35:37","guid":{"rendered":"http:\/\/www.ivg.it\/?p=248393"},"modified":"2013-08-23T15:35:37","modified_gmt":"2013-08-23T13:35:37","slug":"cairo-scadenza-rata-tares-apertura-straordinaria-dello-sportello-di-equitalia","status":"publish","type":"post","link":"https:\/\/staging.ivg.it\/2013\/08\/cairo-scadenza-rata-tares-apertura-straordinaria-dello-sportello-di-equitalia\/","title":{"rendered":"Cairo, scadenza rata Tares: apertura straordinaria dello sportello di Equitalia"},"content":{"rendered":"<p><strong>Cairo Montenotte<\/strong>. Per andare incontro alla esigenze dei contribuenti in vista della scadenza del pagamento della prima rata Tares, venerd\u00ec 30 agosto, lo sportello cairese di Equitalia, su richiesta del sindaco, aumenter\u00e0 i giorni di apertura al pubblico, che abitualmente sono il marted\u00ec e il gioved\u00ec dalle ore 8,20 alle 13.<\/p>\n<p>marted\u00ec 27, mercoled\u00ec 28, gioved\u00ec 29 e venerd\u00ec 30 lo sportello sar\u00e0 aperto dalle ore ore 8,20 alle 13.<\/p>\n","protected":false},"excerpt":{"rendered":"<p>Cairo Montenotte. Per andare incontro alla esigenze dei contribuenti in vista della scadenza del pagamento della prima rata Tares, venerd\u00ec 30 agosto, lo sportello cairese di Equitalia, su richiesta del sindaco, aumenter\u00e0 i giorni di apertura al pubblico, che abitualmente sono il marted\u00ec e il gioved\u00ec dalle ore 8,20 alle 13. marted\u00ec 27, mercoled\u00ec 28, [&hellip;]<\/p>\n","protected":false},"author":13744,"featured_media":0,"comment_status":"open","ping_status":"closed","sticky":false,"template":"","format":"standard","meta":{"footnotes":""},"categories":[],"tags":[85987,26122,44611],"class_list":["post-248393","post","type-post","status-publish","format-standard","hentry","tag-cairo-montenotte","tag-equitalia","tag-tares","post_cat_citta-cairo-montenotte"],"amp_validity":null,"amp_enabled":true,"_links":{"self":[{"href":"https:\/\/staging.ivg.it\/ediapi\/wp\/v2\/posts\/248393","targetHints":{"allow":["GET"]}}],"collection":[{"href":"https:\/\/staging.ivg.it\/ediapi\/wp\/v2\/posts"}],"about":[{"href":"https:\/\/staging.ivg.it\/ediapi\/wp\/v2\/types\/post"}],"author":[{"embeddable":true,"href":"https:\/\/staging.ivg.it\/ediapi\/wp\/v2\/users\/13744"}],"replies":[{"embeddable":true,"href":"https:\/\/staging.ivg.it\/ediapi\/wp\/v2\/comments?post=248393"}],"version-history":[{"count":0,"href":"https:\/\/staging.ivg.it\/ediapi\/wp\/v2\/posts\/248393\/revisions"}],"wp:attachment":[{"href":"https:\/\/staging.ivg.it\/ediapi\/wp\/v2\/media?parent=248393"}],"wp:term":[{"taxonomy":"category","embeddable":true,"href":"https:\/\/staging.ivg.it\/ediapi\/wp\/v2\/categories?post=248393"},{"taxonomy":"post_tag","embeddable":true,"href":"https:\/\/staging.ivg.it\/ediapi\/wp\/v2\/tags?post=248393"}],"curies":[{"name":"wp","href":"https:\/\/api.w.org\/{rel}","templated":true}]}}