{"id":248347,"date":"2013-08-23T08:24:09","date_gmt":"2013-08-23T06:24:09","guid":{"rendered":"http:\/\/www.ivg.it\/?p=248347"},"modified":"2013-08-23T14:24:23","modified_gmt":"2013-08-23T12:24:23","slug":"oggi-lo-sciopero-regionale-dei-trasporti-bus-fermi-per-quattro-ore","status":"publish","type":"post","link":"https:\/\/staging.ivg.it\/2013\/08\/oggi-lo-sciopero-regionale-dei-trasporti-bus-fermi-per-quattro-ore\/","title":{"rendered":"Oggi lo sciopero regionale dei trasporti: bus fermi per quattro ore"},"content":{"rendered":"<p><strong>Savona<\/strong>. Domani bus fermi in tutta la Regione. Alle 10,15 scatter\u00e0 infatti lo sciopero regionale del trasporto pubblico indetto da Filt Cgil, Fit Cisl, Uiltrasporti e Faisa Cisal. Tpl Linea informa che, a Savona, la manifestazione di protesta sar\u00e0 dalle 10.15 alle 14.15. L&#8217;azienda precisa che in tali fasce orarie non potr\u00e0 garantire l&#8217;esecuzione del servizio di trasporto pubblico.<\/p>\n<p>&#8220;Non si escludono, inoltre, lievi disagi immediatamente prima e dopo le ore di sciopero programmato&#8221; concludono dalla Tpl Linea. Per ulteriori informazioni sui servizi Tpl \u00e8 possibile contattare il numero 800 012727 (attivo nei giorni feriali dal luned\u00ec al venerd\u00ec dalle ore 7.30 alle ore 17.30) e il sito internet all\u2019indirizzo www.tpllinea.it.<\/p>\n","protected":false},"excerpt":{"rendered":"<p>Savona. Domani bus fermi in tutta la Regione. Alle 10,15 scatter\u00e0 infatti lo sciopero regionale del trasporto pubblico indetto da Filt Cgil, Fit Cisl, Uiltrasporti e Faisa Cisal. Tpl Linea informa che, a Savona, la manifestazione di protesta sar\u00e0 dalle 10.15 alle 14.15. L&#8217;azienda precisa che in tali fasce orarie non potr\u00e0 garantire l&#8217;esecuzione del [&hellip;]<\/p>\n","protected":false},"author":13744,"featured_media":0,"comment_status":"open","ping_status":"closed","sticky":false,"template":"","format":"standard","meta":{"footnotes":""},"categories":[],"tags":[593,393,85850,2152,6164,2379],"class_list":["post-248347","post","type-post","status-publish","format-standard","hentry","tag-bus","tag-liguria","tag-savona","tag-sciopero","tag-tpl","tag-trasporto","post_cat_citta-savona"],"amp_validity":null,"amp_enabled":true,"_links":{"self":[{"href":"https:\/\/staging.ivg.it\/ediapi\/wp\/v2\/posts\/248347","targetHints":{"allow":["GET"]}}],"collection":[{"href":"https:\/\/staging.ivg.it\/ediapi\/wp\/v2\/posts"}],"about":[{"href":"https:\/\/staging.ivg.it\/ediapi\/wp\/v2\/types\/post"}],"author":[{"embeddable":true,"href":"https:\/\/staging.ivg.it\/ediapi\/wp\/v2\/users\/13744"}],"replies":[{"embeddable":true,"href":"https:\/\/staging.ivg.it\/ediapi\/wp\/v2\/comments?post=248347"}],"version-history":[{"count":0,"href":"https:\/\/staging.ivg.it\/ediapi\/wp\/v2\/posts\/248347\/revisions"}],"wp:attachment":[{"href":"https:\/\/staging.ivg.it\/ediapi\/wp\/v2\/media?parent=248347"}],"wp:term":[{"taxonomy":"category","embeddable":true,"href":"https:\/\/staging.ivg.it\/ediapi\/wp\/v2\/categories?post=248347"},{"taxonomy":"post_tag","embeddable":true,"href":"https:\/\/staging.ivg.it\/ediapi\/wp\/v2\/tags?post=248347"}],"curies":[{"name":"wp","href":"https:\/\/api.w.org\/{rel}","templated":true}]}}