{"id":248090,"date":"2013-08-19T12:06:08","date_gmt":"2013-08-19T10:06:08","guid":{"rendered":"http:\/\/www.ivg.it\/?p=248090"},"modified":"2013-08-20T12:06:40","modified_gmt":"2013-08-20T10:06:40","slug":"alassio-lutto-per-la-scomparsa-di-stella-ferrara","status":"publish","type":"post","link":"https:\/\/staging.ivg.it\/2013\/08\/alassio-lutto-per-la-scomparsa-di-stella-ferrara\/","title":{"rendered":"Alassio, lutto per la scomparsa di Stella Ferrara"},"content":{"rendered":"<p><strong>Alassio<\/strong>. Lutto ad Alassio per la scomparsa di Stella Ferrara, deceduta dopo una lunga malattia con la quale ha lottato sino all&#8217;ultimo strenuamente. Piena di grinta e combattiva, ha militato nel Pdl ed ha fatto parte del direttivo alassino del partito, condividendo molte battaglie politiche con Marco Melgrati, compresa in particolare la protesta contro lo smantellamento del Centro Trapianti. <\/p>\n<p>Lo stesso Melgrati, capogruppo regionale del Popolo della Libert\u00e0, la ricorda: &#8220;Te ne sei andata cos\u00ec, senza coinvolgerci, perch\u00e9 \u00e8 cos\u00ec che volevi. Da tempo il tuo telefono non suonava pi\u00f9; ti sei arresa alla tua malattia che ti ha logorato per anni e anni, non impedendoti di continuare a essere un riferimento per i tuoi figli e per tuo marito, e di lottare anche per quello che credevi giusto. Voglio ricordarti cos\u00ec&#8230; con il bicchiere in mano per un brindisi alla vittoria, nei momenti felici, perch\u00e9 io, Stella cara, ti ho voluto veramente bene&#8230; Mi mancherai, Stella, ci mancherai, ma il tuo ricordo rester\u00e0 sempre nelle nostre menti e soprattutto nel nostro cuore&#8221;. <\/p>\n<p>Questa sera, alle 20:30, a Pietra Ligure, nella Basilica di S. Niccol\u00f2, si terr\u00e0 il rosario.<\/p>\n","protected":false},"excerpt":{"rendered":"<p>Alassio. Lutto ad Alassio per la scomparsa di Stella Ferrara, deceduta dopo una lunga malattia con la quale ha lottato sino all&#8217;ultimo strenuamente. Piena di grinta e combattiva, ha militato nel Pdl ed ha fatto parte del direttivo alassino del partito, condividendo molte battaglie politiche con Marco Melgrati, compresa in particolare la protesta contro lo [&hellip;]<\/p>\n","protected":false},"author":13744,"featured_media":0,"comment_status":"open","ping_status":"closed","sticky":false,"template":"","format":"standard","meta":{"footnotes":""},"categories":[34,31],"tags":[85824,1220],"class_list":["post-248090","post","type-post","status-publish","format-standard","hentry","category-cronaca","category-politica","tag-alassio","tag-lutto","post_cat_citta-alassio"],"amp_validity":null,"amp_enabled":true,"_links":{"self":[{"href":"https:\/\/staging.ivg.it\/ediapi\/wp\/v2\/posts\/248090","targetHints":{"allow":["GET"]}}],"collection":[{"href":"https:\/\/staging.ivg.it\/ediapi\/wp\/v2\/posts"}],"about":[{"href":"https:\/\/staging.ivg.it\/ediapi\/wp\/v2\/types\/post"}],"author":[{"embeddable":true,"href":"https:\/\/staging.ivg.it\/ediapi\/wp\/v2\/users\/13744"}],"replies":[{"embeddable":true,"href":"https:\/\/staging.ivg.it\/ediapi\/wp\/v2\/comments?post=248090"}],"version-history":[{"count":0,"href":"https:\/\/staging.ivg.it\/ediapi\/wp\/v2\/posts\/248090\/revisions"}],"wp:attachment":[{"href":"https:\/\/staging.ivg.it\/ediapi\/wp\/v2\/media?parent=248090"}],"wp:term":[{"taxonomy":"category","embeddable":true,"href":"https:\/\/staging.ivg.it\/ediapi\/wp\/v2\/categories?post=248090"},{"taxonomy":"post_tag","embeddable":true,"href":"https:\/\/staging.ivg.it\/ediapi\/wp\/v2\/tags?post=248090"}],"curies":[{"name":"wp","href":"https:\/\/api.w.org\/{rel}","templated":true}]}}