{"id":248075,"date":"2013-08-19T12:22:33","date_gmt":"2013-08-19T10:22:33","guid":{"rendered":"http:\/\/www.ivg.it\/?p=248075"},"modified":"2013-08-20T10:31:14","modified_gmt":"2013-08-20T08:31:14","slug":"albissola-tentano-furto-in-appartamento-due-albanesi-in-manette","status":"publish","type":"post","link":"https:\/\/staging.ivg.it\/2013\/08\/albissola-tentano-furto-in-appartamento-due-albanesi-in-manette\/","title":{"rendered":"Albissola, tentano furto in appartamento: due albanesi in manette"},"content":{"rendered":"<p><strong>Albissola Marina<\/strong>. Hanno tentato di mettere a segno un furto in appartamento, ma sono stati sorpresi ed arrestati. Fisnik Lika, classe 1974, e Taulant Paja, classe 1988, entrambi di nazionalit\u00e0 albanese, sono finiti in manette ad Albissola Marina.<\/p>\n<p>Nelle prime ore dell&#8217;alba di ieri, domenica, i due malviventi hanno notato una finestra aperta in un appartamento di via Belvedere e sono riusciti ad intrufolarsi all&#8217;interno dello stesso salendo su una grondaia, mentre i padroni di casa dormivano.<\/p>\n<p>Nell&#8217;alloggio non hanno trovato oggetti di valore e sono usciti senza prendere nulla. Un vicino li ha notati e ha allertato i carabinieri. Sul posto sono giunte due pattuglie che li hanno individuati e bloccati.<\/p>\n<p>Lika, nel tentativo di fuggire, \u00e8 caduto e si \u00e8 procurato una\u00a0lesione costale. Ora si trova ricoverato e piantonato al San Paolo; ne avr\u00e0 per trenta giorni.<\/p>\n<p>Questa mattina sono stati processati per direttissima. I loro arresti sono stati convalidati ed il processo \u00e8 stato rinviato a gioved\u00ec mattina. Per entrambi \u00e8 scattata la misura di custodia cautelare in carcere.<\/p>\n","protected":false},"excerpt":{"rendered":"<p>Albissola Marina. Hanno tentato di mettere a segno un furto in appartamento, ma sono stati sorpresi ed arrestati. Fisnik Lika, classe 1974, e Taulant Paja, classe 1988, entrambi di nazionalit\u00e0 albanese, sono finiti in manette ad Albissola Marina. Nelle prime ore dell&#8217;alba di ieri, domenica, i due malviventi hanno notato una finestra aperta in un [&hellip;]<\/p>\n","protected":false},"author":13744,"featured_media":0,"comment_status":"open","ping_status":"closed","sticky":false,"template":"","format":"standard","meta":{"footnotes":""},"categories":[34],"tags":[699,228,1034],"class_list":["post-248075","post","type-post","status-publish","format-standard","hentry","category-cronaca","tag-albissola","tag-carabinieri","tag-furto","post_cat_citta-albissola-marina"],"amp_validity":null,"amp_enabled":true,"_links":{"self":[{"href":"https:\/\/staging.ivg.it\/ediapi\/wp\/v2\/posts\/248075","targetHints":{"allow":["GET"]}}],"collection":[{"href":"https:\/\/staging.ivg.it\/ediapi\/wp\/v2\/posts"}],"about":[{"href":"https:\/\/staging.ivg.it\/ediapi\/wp\/v2\/types\/post"}],"author":[{"embeddable":true,"href":"https:\/\/staging.ivg.it\/ediapi\/wp\/v2\/users\/13744"}],"replies":[{"embeddable":true,"href":"https:\/\/staging.ivg.it\/ediapi\/wp\/v2\/comments?post=248075"}],"version-history":[{"count":0,"href":"https:\/\/staging.ivg.it\/ediapi\/wp\/v2\/posts\/248075\/revisions"}],"wp:attachment":[{"href":"https:\/\/staging.ivg.it\/ediapi\/wp\/v2\/media?parent=248075"}],"wp:term":[{"taxonomy":"category","embeddable":true,"href":"https:\/\/staging.ivg.it\/ediapi\/wp\/v2\/categories?post=248075"},{"taxonomy":"post_tag","embeddable":true,"href":"https:\/\/staging.ivg.it\/ediapi\/wp\/v2\/tags?post=248075"}],"curies":[{"name":"wp","href":"https:\/\/api.w.org\/{rel}","templated":true}]}}