{"id":247698,"date":"2013-08-11T14:30:27","date_gmt":"2013-08-11T12:30:27","guid":{"rendered":"http:\/\/www.ivg.it\/?p=247698"},"modified":"2013-08-12T11:07:45","modified_gmt":"2013-08-12T09:07:45","slug":"cadavere-di-un-uomo-ritrovato-in-un-vicolo-e-giallo-a-balestrino-omicidio-o-suicidio","status":"publish","type":"post","link":"https:\/\/staging.ivg.it\/2013\/08\/cadavere-di-un-uomo-ritrovato-in-un-vicolo-e-giallo-a-balestrino-omicidio-o-suicidio\/","title":{"rendered":"Cadavere di un uomo ritrovato in un vicolo, \u00e8 giallo a Balestrino: omicidio o suicidio?"},"content":{"rendered":"<p><strong>Balestrino<\/strong>. Il cadavere di un uomo, completamente nudo e con ferite da taglio in varie parti del corpo, \u00e8 stato ritrovato questa mattina intorno alle 8,30 a Balestrino. La macabra scoperta, per ora, \u00e8 avvolta nel mistero. Il corpo \u00e8 stato rinvenuto in uno dei vicoli della parte vecchia del paese, una zona disabitata da anni per il rischio di frane, e l&#8217;identit\u00e0 dell&#8217;uomo \u00e8 tuttora sconosciuta.<\/p>\n<p>Vicino al cadavere, di carnagione bianca, non \u00e8 stato trovato alcuno documento e i carabinieri della Compagnia di Albenga stanno gi\u00e0 svolgendo tutti gli accertamenti del caso per identificarlo. Al momento gli investigatori non escludono alcuna ipotesi sulla morte dell&#8217;uomo: n\u00e9 quella dell&#8217;omicidio n\u00e9 quella del suicidio.<\/p>\n<p>Secondo quanto accertato dal medico legale la vittima, che ha i capelli corti e castani, dovrebbe avere tra i 30 ed i 40 anni ed era morto dalla notte scorsa. Dettagli pi\u00f9 precisi sull&#8217;orario della morte e le cause arriveranno dall&#8217;autopsia che \u00e8 stata disposta dal pm di turno Giovanni Battista Ferro. L&#8217;esame autoptico potr\u00e0 chiarire anche l&#8217;esatta causa del decesso: l&#8217;uomo infatti, oltre ad avere diverse ferite da taglio sul corpo, \u00e8 anche precipitato dal terzo piano del rudere che affaccia sul vicolo dove \u00e8 stato rinvenuto il cadavere. Nella palazzina infatti i carabinieri hanno ritrovato, proprio al terzo piano, i vestiti dell&#8217;uomo ed un coltello da cucina sporco di sangue. Come e perch\u00e9 l&#8217;uomo sia arrivato l\u00ec resta un mistero: certamente ha dovuto scavalcare i cancelli che chiudono l&#8217;ingresso a quella zona di paese, disabitata da anni.<\/p>\n<p>Gli indumenti non presentavano strappi quindi \u00e8 certo che le coltellate, chia siano autoinferte o meno, sono arrivate quando l&#8217;uomo era gi\u00e0 nudo. L&#8217;autopsia, sulla base delle angolazioni dei tagli e la profondit\u00e0, potr\u00e0 dare risposte pi\u00f9 certe in merito. Per ora l&#8217;indagine resta aperta su due fronti: quella dell&#8217;omicidio e quelle del suicidio.<\/p>\n","protected":false},"excerpt":{"rendered":"<p>Balestrino. Il cadavere di un uomo, completamente nudo e con ferite da taglio in varie parti del corpo, \u00e8 stato ritrovato questa mattina intorno alle 8,30 a Balestrino. La macabra scoperta, per ora, \u00e8 avvolta nel mistero. Il corpo \u00e8 stato rinvenuto in uno dei vicoli della parte vecchia del paese, una zona disabitata da [&hellip;]<\/p>\n","protected":false},"author":13744,"featured_media":0,"comment_status":"open","ping_status":"closed","sticky":false,"template":"","format":"standard","meta":{"footnotes":""},"categories":[34],"tags":[85875,401,924,2410],"class_list":["post-247698","post","type-post","status-publish","format-standard","hentry","category-cronaca","tag-balestrino","tag-cadavere","tag-omicidio","tag-suicidio","post_cat_citta-balestrino"],"amp_validity":null,"amp_enabled":true,"_links":{"self":[{"href":"https:\/\/staging.ivg.it\/ediapi\/wp\/v2\/posts\/247698","targetHints":{"allow":["GET"]}}],"collection":[{"href":"https:\/\/staging.ivg.it\/ediapi\/wp\/v2\/posts"}],"about":[{"href":"https:\/\/staging.ivg.it\/ediapi\/wp\/v2\/types\/post"}],"author":[{"embeddable":true,"href":"https:\/\/staging.ivg.it\/ediapi\/wp\/v2\/users\/13744"}],"replies":[{"embeddable":true,"href":"https:\/\/staging.ivg.it\/ediapi\/wp\/v2\/comments?post=247698"}],"version-history":[{"count":0,"href":"https:\/\/staging.ivg.it\/ediapi\/wp\/v2\/posts\/247698\/revisions"}],"wp:attachment":[{"href":"https:\/\/staging.ivg.it\/ediapi\/wp\/v2\/media?parent=247698"}],"wp:term":[{"taxonomy":"category","embeddable":true,"href":"https:\/\/staging.ivg.it\/ediapi\/wp\/v2\/categories?post=247698"},{"taxonomy":"post_tag","embeddable":true,"href":"https:\/\/staging.ivg.it\/ediapi\/wp\/v2\/tags?post=247698"}],"curies":[{"name":"wp","href":"https:\/\/api.w.org\/{rel}","templated":true}]}}