{"id":247692,"date":"2013-08-10T18:14:25","date_gmt":"2013-08-10T16:14:25","guid":{"rendered":"http:\/\/www.ivg.it\/?p=247692"},"modified":"2013-08-11T19:22:46","modified_gmt":"2013-08-11T17:22:46","slug":"frana-a-malpasso-il-sindaco-aurelia-chiusa-almeno-sino-a-domani-non-ci-voleva-in-questo-periodo-di-vacche-magre","status":"publish","type":"post","link":"https:\/\/staging.ivg.it\/2013\/08\/frana-a-malpasso-il-sindaco-aurelia-chiusa-almeno-sino-a-domani-non-ci-voleva-in-questo-periodo-di-vacche-magre\/","title":{"rendered":"Frana a Malpasso, il sindaco: &#8220;Aurelia chiusa almeno sino a domani, non ci voleva in questo periodo di vacche magre&#8221;"},"content":{"rendered":"<p><strong>Varigotti<\/strong>. L&#8217;Aurelia nel tratto fra Malpasso e Capo Noli rimarr\u00e0 chiusa almeno sino a domani, quando i tecnici dell&#8217;Anas e gli specialisti rocciatori, i cosiddetti ragni, svolgeranno un nuovo sopralluogo nel tratto interessato dalla caduta del masso. La grossa pietra di 3 quintali, disancorandosi dalla parete, \u00e8 piombata sull&#8217;asfalto lasciando un buco nel sedime. <\/p>\n<p>Il masso \u00e8 rimbalzato sulla carreggiata ed \u00e8 finito contro la fiancata di una Hyundai che stava transitando verso levante, poco dopo la galleria che porta a Noli. Tre le persone a bordo. L&#8217;urto del pietrone ha distrutto i vetri della vettura e una degli occupanti, una donna ottantenne, \u00e8 rimasta ferita dai vetri frantumati. <\/p>\n<p>Si ripete anche quest&#8217;anno, proprio a cinque giorni da Ferragosto, il blocco della viabilit\u00e0 sulla litoranea. Aurelia spezzata in due e inagibile, almeno sino a quando i rocciatori non avranno rimesso in sicurezza il versante roccioso. <\/p>\n<p>Tpl ha predisposto l&#8217;entrata-uscita autostradale per i bus, in modo che le corse possano aggirare il tratto interessato dalla frana utilizzando l&#8217;A10. <\/p>\n<p>Cos\u00ec il sindaco Flaminio Richeri, intervenuto sul posto: &#8220;Si \u00e8 staccata dall&#8217;alto questa grossa pietra, che ha preso una macchina per fortuna solo di striscio. La signora rimasta ferita non \u00e8 grave. L&#8217;auto \u00e8 seriamente danneggiata&#8221;. <\/p>\n<p>&#8220;Sino a domani la strada rimane chiusa sino a domani &#8211; prosegue &#8211; La parete \u00e8 molto vasta, senza reti perch\u00e9 in precedenza non ha mai dato problemi. Il fatto \u00e8 che siamo a Ferragosto e in un momento come questo di &#8216;vacche magre&#8217;, proprio non ci voleva. Una chiusura prolungata creerebbe gravi problemi. Ho subito chiesto alla Prefettura di aiutarci, con la polizia stradale, per regolare la viabilit\u00e0. Fra l&#8217;altro stasera a Varigotti \u00e8 in programma lo spettacolo pirotecnico&#8221;. <\/p>\n<p>La caduta del masso si \u00e8 verificato in un punto che si pensava fuori dal rischio. Lo stesso tunnel ideato per creare un&#8217;alternativa alla via costiera sbucherebbe prima di questo tratto che \u00e8 oltre la galleria paramassi. <\/p>\n<p>&#8220;Questa parte di Aurelia sarebbe fuori dal tunnel progettato &#8211; conclude il sindaco &#8211; Purtroppo per\u00f2 tutta la via Aurelia \u00e8 esposta a questo rischio. Vedremo domani con il nuovo sopralluogo, proprio perch\u00e9 ora l&#8217;incubo sarebbe un protrarsi della chiusura alla viabilit\u00e0 proprio durante il Ferragosto&#8221;. <\/p>\n","protected":false},"excerpt":{"rendered":"<p>Varigotti. L&#8217;Aurelia nel tratto fra Malpasso e Capo Noli rimarr\u00e0 chiusa almeno sino a domani, quando i tecnici dell&#8217;Anas e gli specialisti rocciatori, i cosiddetti ragni, svolgeranno un nuovo sopralluogo nel tratto interessato dalla caduta del masso. La grossa pietra di 3 quintali, disancorandosi dalla parete, \u00e8 piombata sull&#8217;asfalto lasciando un buco nel sedime. Il [&hellip;]<\/p>\n","protected":false},"author":13744,"featured_media":0,"comment_status":"open","ping_status":"closed","sticky":false,"template":"","format":"standard","meta":{"footnotes":""},"categories":[34],"tags":[209,3924,85925,108],"class_list":["post-247692","post","type-post","status-publish","format-standard","hentry","category-cronaca","tag-finale","tag-flaminio-richeri","tag-noli","tag-viabilita","post_cat_citta-finale-ligure","post_cat_citta-noli"],"amp_validity":null,"amp_enabled":true,"_links":{"self":[{"href":"https:\/\/staging.ivg.it\/ediapi\/wp\/v2\/posts\/247692","targetHints":{"allow":["GET"]}}],"collection":[{"href":"https:\/\/staging.ivg.it\/ediapi\/wp\/v2\/posts"}],"about":[{"href":"https:\/\/staging.ivg.it\/ediapi\/wp\/v2\/types\/post"}],"author":[{"embeddable":true,"href":"https:\/\/staging.ivg.it\/ediapi\/wp\/v2\/users\/13744"}],"replies":[{"embeddable":true,"href":"https:\/\/staging.ivg.it\/ediapi\/wp\/v2\/comments?post=247692"}],"version-history":[{"count":0,"href":"https:\/\/staging.ivg.it\/ediapi\/wp\/v2\/posts\/247692\/revisions"}],"wp:attachment":[{"href":"https:\/\/staging.ivg.it\/ediapi\/wp\/v2\/media?parent=247692"}],"wp:term":[{"taxonomy":"category","embeddable":true,"href":"https:\/\/staging.ivg.it\/ediapi\/wp\/v2\/categories?post=247692"},{"taxonomy":"post_tag","embeddable":true,"href":"https:\/\/staging.ivg.it\/ediapi\/wp\/v2\/tags?post=247692"}],"curies":[{"name":"wp","href":"https:\/\/api.w.org\/{rel}","templated":true}]}}