{"id":247604,"date":"2013-08-09T14:08:46","date_gmt":"2013-08-09T12:08:46","guid":{"rendered":"http:\/\/www.ivg.it\/?p=247604"},"modified":"2013-08-09T18:43:31","modified_gmt":"2013-08-09T16:43:31","slug":"podismo-domenica-la-corri-a-finale-7-km-sul-lungomare-migliorini","status":"publish","type":"post","link":"https:\/\/staging.ivg.it\/2013\/08\/podismo-domenica-la-corri-a-finale-7-km-sul-lungomare-migliorini\/","title":{"rendered":"Podismo, domenica la &#8220;Corri a Finale&#8221;: 7 km sul lungomare Migliorini"},"content":{"rendered":"<p><strong>Finale Ligure<\/strong>. Si svolger\u00e0 domenica 11 agosto la &#8220;Corri a Finale&#8221;, manifestazione podistica organizzata dall&#8217;Atletica Run Finale Ligure in collaborazione con il Comune, la Fidal e il Centro Sportivo Italiano.<\/p>\n<p>Giunta all&#8217;ottava edizione, la corsa presenta quest&#8217;anno un tracciato rinnovato. I podisti, infatti, affronteranno un percorso di 7 chilometri interamente asfaltato e pianeggiante che si svilupper\u00e0 sul lungomare Migliorini.<\/p>\n<p>Il ritrovo \u00e8 fissato dalle ore 8 in poi in piazza di Spagna a Finale Ligure, dove sar\u00e0 possibile iscriversi fino alle 8,30. La gara inizier\u00e0 alle ore 9,15. La quota di iscrizione \u00e8 di 6 euro.<\/p>\n<p>Per gli atleti tesserati CSI la gara sar\u00e0 valevole quale selezione per il Gran Premio Nazionale di corsa su strada che si terr\u00e0 a Mantova a fine ottobre. Per i primi 100 classificati ci saranno premi in natura.<\/p>\n<p>Sar\u00e0 previsto anche un percorso non competitivo pi\u00f9 corto per tutti quelli che vorranno cimentarsi, previa presentazione di certificato medico valido, con la possibilit\u00e0 di potersi iscrivere fino a venti minuti prima della partenza.<\/p>\n<p>Per i giovanissimi nati nel 2002 e seguenti sar\u00e0 disputata una corsa non competitiva di circa 600 metri con premi per tutti ed iscrizione gratuita.<\/p>\n<p>La corsa avr\u00e0 luogo con qualsiasi condizione atmosferica. L&#8217;assistenza sar\u00e0 a cura della Croce Bianca di Finale Ligure; l&#8217;assistenza tecnica sar\u00e0 offerta da Atletica Run Finale, polizia municipale e volontari dell\u2019Antincendio Boschivo.<\/p>\n","protected":false},"excerpt":{"rendered":"<p>Finale Ligure. Si svolger\u00e0 domenica 11 agosto la &#8220;Corri a Finale&#8221;, manifestazione podistica organizzata dall&#8217;Atletica Run Finale Ligure in collaborazione con il Comune, la Fidal e il Centro Sportivo Italiano. Giunta all&#8217;ottava edizione, la corsa presenta quest&#8217;anno un tracciato rinnovato. I podisti, infatti, affronteranno un percorso di 7 chilometri interamente asfaltato e pianeggiante che si [&hellip;]<\/p>\n","protected":false},"author":13744,"featured_media":0,"comment_status":"open","ping_status":"closed","sticky":false,"template":"","format":"standard","meta":{"footnotes":""},"categories":[47716,32],"tags":[11872,345,85844,176],"class_list":["post-247604","post","type-post","status-publish","format-standard","hentry","category-atletica-sport","category-sport","tag-corri-a-finale","tag-corsa","tag-finale-ligure","tag-podismo","post_cat_citta-finale-ligure"],"amp_validity":null,"amp_enabled":true,"_links":{"self":[{"href":"https:\/\/staging.ivg.it\/ediapi\/wp\/v2\/posts\/247604","targetHints":{"allow":["GET"]}}],"collection":[{"href":"https:\/\/staging.ivg.it\/ediapi\/wp\/v2\/posts"}],"about":[{"href":"https:\/\/staging.ivg.it\/ediapi\/wp\/v2\/types\/post"}],"author":[{"embeddable":true,"href":"https:\/\/staging.ivg.it\/ediapi\/wp\/v2\/users\/13744"}],"replies":[{"embeddable":true,"href":"https:\/\/staging.ivg.it\/ediapi\/wp\/v2\/comments?post=247604"}],"version-history":[{"count":0,"href":"https:\/\/staging.ivg.it\/ediapi\/wp\/v2\/posts\/247604\/revisions"}],"wp:attachment":[{"href":"https:\/\/staging.ivg.it\/ediapi\/wp\/v2\/media?parent=247604"}],"wp:term":[{"taxonomy":"category","embeddable":true,"href":"https:\/\/staging.ivg.it\/ediapi\/wp\/v2\/categories?post=247604"},{"taxonomy":"post_tag","embeddable":true,"href":"https:\/\/staging.ivg.it\/ediapi\/wp\/v2\/tags?post=247604"}],"curies":[{"name":"wp","href":"https:\/\/api.w.org\/{rel}","templated":true}]}}