{"id":247399,"date":"2013-08-07T13:54:36","date_gmt":"2013-08-07T11:54:36","guid":{"rendered":"http:\/\/www.ivg.it\/?p=247399"},"modified":"2013-08-07T13:54:36","modified_gmt":"2013-08-07T11:54:36","slug":"carenza-di-sangue-nel-periodo-estivo-lavis-invita-ad-effettuare-donazioni","status":"publish","type":"post","link":"https:\/\/staging.ivg.it\/2013\/08\/carenza-di-sangue-nel-periodo-estivo-lavis-invita-ad-effettuare-donazioni\/","title":{"rendered":"Carenza di sangue nel periodo estivo: l&#8217;Avis invita ad effettuare donazioni"},"content":{"rendered":"<p><strong>Savona<\/strong>. &#8220;I donatori non sono in vacanza ma sono presenti e fanno sempre la loro opera di volontariato e donazione. E&#8217; evidente che in un ambiente prettamente turistico e stagionale come il nostro molti donatori svolgono attivit\u00e0 impegnative che non consentono loro di essere cos\u00ec presenti come negli altri periodi dell&#8217;anno, pertanto anche quest&#8217;anno si ripristina un sintomatico crollo delle donazioni di sangue in questo periodo&#8221;. Cos\u00ec la sede provinciale savonese dell&#8217;Avis spiega la carenza di sangue in queste settimane estive.<\/p>\n<p>L&#8217;Avis invita tutti i donatori, ma anche i cittadini che non hanno mai donato, a presentarsi presso le sezioni che sono aperte sul territorio, dove il personale volontario e sanitario \u00e8 pronto ad accoglierli.<\/p>\n<p>Nei prossimi giorni le sedi aperte per il prelievo sono le seguenti: Savona (tutti i luned\u00ec, mercoled\u00ec e venerd\u00ec), Albenga e Finale Ligure (tutti i luned\u00ec e venerd\u00ec), Altare (sabato 10 agosto), Albissola, Sassello, Stella e Loano (domenica 11), Stella (marted\u00ec 13), Pallare (sabato 17), Pallare, Sassello e Spotorno (domenica 18), Spotorno (luned\u00ec 19), Alassio (venerd\u00ec 23), Vado Ligure, Calizzano, Andora e Albenga (domenica 25), Celle Ligure (venerd\u00ec 30), Carcare (sabato 31), Cairo Montenotte, Cengio, Alassio, Ceriale (domenica 1 settembre).<\/p>\n","protected":false},"excerpt":{"rendered":"<p>Savona. &#8220;I donatori non sono in vacanza ma sono presenti e fanno sempre la loro opera di volontariato e donazione. E&#8217; evidente che in un ambiente prettamente turistico e stagionale come il nostro molti donatori svolgono attivit\u00e0 impegnative che non consentono loro di essere cos\u00ec presenti come negli altri periodi dell&#8217;anno, pertanto anche quest&#8217;anno si [&hellip;]<\/p>\n","protected":false},"author":13744,"featured_media":0,"comment_status":"open","ping_status":"closed","sticky":false,"template":"","format":"standard","meta":{"footnotes":""},"categories":[],"tags":[705,18885,778],"class_list":["post-247399","post","type-post","status-publish","format-standard","hentry","tag-avis","tag-donazioni","tag-sangue","post_cat_citta-alassio","post_cat_citta-albenga","post_cat_citta-albissola-marina","post_cat_citta-altare","post_cat_citta-cairo-montenotte","post_cat_citta-calizzano","post_cat_citta-carcare","post_cat_citta-celle-ligure","post_cat_citta-ceriale","post_cat_citta-finale-ligure","post_cat_citta-loano","post_cat_citta-pallare","post_cat_citta-sassello","post_cat_citta-savona","post_cat_citta-spotorno","post_cat_citta-stella","post_cat_citta-vado-ligure"],"amp_validity":null,"amp_enabled":true,"_links":{"self":[{"href":"https:\/\/staging.ivg.it\/ediapi\/wp\/v2\/posts\/247399","targetHints":{"allow":["GET"]}}],"collection":[{"href":"https:\/\/staging.ivg.it\/ediapi\/wp\/v2\/posts"}],"about":[{"href":"https:\/\/staging.ivg.it\/ediapi\/wp\/v2\/types\/post"}],"author":[{"embeddable":true,"href":"https:\/\/staging.ivg.it\/ediapi\/wp\/v2\/users\/13744"}],"replies":[{"embeddable":true,"href":"https:\/\/staging.ivg.it\/ediapi\/wp\/v2\/comments?post=247399"}],"version-history":[{"count":0,"href":"https:\/\/staging.ivg.it\/ediapi\/wp\/v2\/posts\/247399\/revisions"}],"wp:attachment":[{"href":"https:\/\/staging.ivg.it\/ediapi\/wp\/v2\/media?parent=247399"}],"wp:term":[{"taxonomy":"category","embeddable":true,"href":"https:\/\/staging.ivg.it\/ediapi\/wp\/v2\/categories?post=247399"},{"taxonomy":"post_tag","embeddable":true,"href":"https:\/\/staging.ivg.it\/ediapi\/wp\/v2\/tags?post=247399"}],"curies":[{"name":"wp","href":"https:\/\/api.w.org\/{rel}","templated":true}]}}