{"id":247218,"date":"2013-08-05T10:38:00","date_gmt":"2013-08-05T08:38:00","guid":{"rendered":"http:\/\/www.ivg.it\/?p=247218"},"modified":"2013-08-05T10:38:00","modified_gmt":"2013-08-05T08:38:00","slug":"un-po-di-brasile-a-borghetto","status":"publish","type":"post","link":"https:\/\/staging.ivg.it\/2013\/08\/un-po-di-brasile-a-borghetto\/","title":{"rendered":"Un po&#8217; di Brasile a Borghetto"},"content":{"rendered":"<p><strong>Borghetto S. Spirito.<\/strong> &#8220;Brasil Carnaval&#8221; a Borghetto Santo Spirito. Mercoled\u00ec 7 agosto, in piazza Marinai d&#8217;Italia alle ore 21,30 una serata dedicata alle musiche e ai balletti \u201ccarioca\u201d, in un&#8217;atmosfera di festa che coinvolgera&#8217; tutti i presenti.<\/p>\n<p>Sei sono gli elementi che compongono il gruppo brasiliano di \u201cBrasil Carnaval\u201d, 4 ragazze e 2 ragazzi. Si inizia verso le ore 21.30 con il gruppo che arriva sul palco di Piazza Marinai d&#8217;Italia a bordo del trenino turistico Express. Successivamente ci sar\u00e0 l&#8217;esibizione  sul palco che durer\u00e0 circa 50 minuti, come in una sorta di \u201ccarnevale di Rio\u201d con i tipici costumi brasiliani molto colorati con piume e pajettes; dopodich\u00e9 i ballerini scenderanno dal palco per far ballare il pubblico a ritmo di samba. L&#8217;ingresso \u00e8 gratuito. La manifestazione \u00e8 promossa dall&#8217;associazione turistica Proloco con il patrocinio dell&#8217;Assessorato al Turismo di Borghetto S.Spirito.<\/p>\n","protected":false},"excerpt":{"rendered":"<p>Borghetto S. Spirito. &#8220;Brasil Carnaval&#8221; a Borghetto Santo Spirito. Mercoled\u00ec 7 agosto, in piazza Marinai d&#8217;Italia alle ore 21,30 una serata dedicata alle musiche e ai balletti \u201ccarioca\u201d, in un&#8217;atmosfera di festa che coinvolgera&#8217; tutti i presenti. Sei sono gli elementi che compongono il gruppo brasiliano di \u201cBrasil Carnaval\u201d, 4 ragazze e 2 ragazzi. Si [&hellip;]<\/p>\n","protected":false},"author":13744,"featured_media":0,"comment_status":"open","ping_status":"closed","sticky":false,"template":"","format":"standard","meta":{"footnotes":""},"categories":[],"tags":[161,23824],"class_list":["post-247218","post","type-post","status-publish","format-standard","hentry","tag-borghetto","tag-manifestazioni-estive","post_cat_citta-borghetto-santo-spirito"],"amp_validity":null,"amp_enabled":true,"_links":{"self":[{"href":"https:\/\/staging.ivg.it\/ediapi\/wp\/v2\/posts\/247218","targetHints":{"allow":["GET"]}}],"collection":[{"href":"https:\/\/staging.ivg.it\/ediapi\/wp\/v2\/posts"}],"about":[{"href":"https:\/\/staging.ivg.it\/ediapi\/wp\/v2\/types\/post"}],"author":[{"embeddable":true,"href":"https:\/\/staging.ivg.it\/ediapi\/wp\/v2\/users\/13744"}],"replies":[{"embeddable":true,"href":"https:\/\/staging.ivg.it\/ediapi\/wp\/v2\/comments?post=247218"}],"version-history":[{"count":0,"href":"https:\/\/staging.ivg.it\/ediapi\/wp\/v2\/posts\/247218\/revisions"}],"wp:attachment":[{"href":"https:\/\/staging.ivg.it\/ediapi\/wp\/v2\/media?parent=247218"}],"wp:term":[{"taxonomy":"category","embeddable":true,"href":"https:\/\/staging.ivg.it\/ediapi\/wp\/v2\/categories?post=247218"},{"taxonomy":"post_tag","embeddable":true,"href":"https:\/\/staging.ivg.it\/ediapi\/wp\/v2\/tags?post=247218"}],"curies":[{"name":"wp","href":"https:\/\/api.w.org\/{rel}","templated":true}]}}