{"id":247115,"date":"2013-08-02T16:53:57","date_gmt":"2013-08-02T14:53:57","guid":{"rendered":"http:\/\/www.ivg.it\/?p=247115"},"modified":"2013-08-03T08:28:37","modified_gmt":"2013-08-03T06:28:37","slug":"piaggio-il-sindaco-richeri-per-lhangar-cultura-lavoro-e-innovazione-ma-serve-progetto-sostenibile","status":"publish","type":"post","link":"https:\/\/staging.ivg.it\/2013\/08\/piaggio-il-sindaco-richeri-per-lhangar-cultura-lavoro-e-innovazione-ma-serve-progetto-sostenibile\/","title":{"rendered":"Piaggio, il sindaco Richeri: &#8220;Per l&#8217;hangar cultura, lavoro e innovazione, ma serve progetto sostenibile&#8221;"},"content":{"rendered":"<p><strong>Finale.<\/strong> \u201cBen vengano idee e stimoli all&#8217;amministrazione su scelte strategiche che avranno ricadute importanti socio-economiche per la comunit\u00e0 dei finalesi\u201d. <\/p>\n<p>\u201cSono certo che gli enti cui tocca prendere delle decisioni considereranno il parere espresso in questo documento, cercando di trovare un giusto equilibrio tra esigenze sociali ed economiche della comunit\u00e0 finalese ed equilibrio economico complessivo dell&#8217;operazione, come si \u00e8 manifestato nell&#8217;iter approvativo del nuovo progetto\u201d. Lo afferma il sindaco di Finale Ligure Flaminio Richeri dopo la raccolta firme ed il documento realizzato dalle associazioni ambientaliste per salvare l\u2019hangar della Piaggio nel progetto di trasformazione delle aree e destinarlo ad una \u201cfabbrica della cultura\u201d per la citt\u00e0 finalese.<\/p>\n<p>\u201cCome finalese ritengo che la destinazione vincente per l&#8217;hangar Piaggio sar\u00e0 quella che riuscir\u00e0 a racchiudere cultura, lavoro e innovazione, agendo in sinergia con le realt\u00e0 economiche e culturali del nostro territorio e nell&#8217;ottica di un progetto realizzabile ed economicamente sostenibile\u201d conclude il primo cittadino finalese.<\/p>\n","protected":false},"excerpt":{"rendered":"<p>Finale. \u201cBen vengano idee e stimoli all&#8217;amministrazione su scelte strategiche che avranno ricadute importanti socio-economiche per la comunit\u00e0 dei finalesi\u201d. \u201cSono certo che gli enti cui tocca prendere delle decisioni considereranno il parere espresso in questo documento, cercando di trovare un giusto equilibrio tra esigenze sociali ed economiche della comunit\u00e0 finalese ed equilibrio economico complessivo [&hellip;]<\/p>\n","protected":false},"author":13744,"featured_media":0,"comment_status":"open","ping_status":"closed","sticky":false,"template":"","format":"standard","meta":{"footnotes":""},"categories":[35],"tags":[209,3924,1132],"class_list":["post-247115","post","type-post","status-publish","format-standard","hentry","category-economia","tag-finale","tag-flaminio-richeri","tag-piaggio","post_cat_citta-andora","post_cat_citta-finale-ligure"],"amp_validity":null,"amp_enabled":true,"_links":{"self":[{"href":"https:\/\/staging.ivg.it\/ediapi\/wp\/v2\/posts\/247115","targetHints":{"allow":["GET"]}}],"collection":[{"href":"https:\/\/staging.ivg.it\/ediapi\/wp\/v2\/posts"}],"about":[{"href":"https:\/\/staging.ivg.it\/ediapi\/wp\/v2\/types\/post"}],"author":[{"embeddable":true,"href":"https:\/\/staging.ivg.it\/ediapi\/wp\/v2\/users\/13744"}],"replies":[{"embeddable":true,"href":"https:\/\/staging.ivg.it\/ediapi\/wp\/v2\/comments?post=247115"}],"version-history":[{"count":0,"href":"https:\/\/staging.ivg.it\/ediapi\/wp\/v2\/posts\/247115\/revisions"}],"wp:attachment":[{"href":"https:\/\/staging.ivg.it\/ediapi\/wp\/v2\/media?parent=247115"}],"wp:term":[{"taxonomy":"category","embeddable":true,"href":"https:\/\/staging.ivg.it\/ediapi\/wp\/v2\/categories?post=247115"},{"taxonomy":"post_tag","embeddable":true,"href":"https:\/\/staging.ivg.it\/ediapi\/wp\/v2\/tags?post=247115"}],"curies":[{"name":"wp","href":"https:\/\/api.w.org\/{rel}","templated":true}]}}