{"id":247036,"date":"2013-08-01T20:36:25","date_gmt":"2013-08-01T18:36:25","guid":{"rendered":"http:\/\/www.ivg.it\/?p=247036"},"modified":"2013-08-02T08:08:07","modified_gmt":"2013-08-02T06:08:07","slug":"savona-col-torino-di-ventura-vuol-ben-figurare-e-un-onore-giocare-con-una-squadra-dalla-grandissima-tradizione","status":"publish","type":"post","link":"https:\/\/staging.ivg.it\/2013\/08\/savona-col-torino-di-ventura-vuol-ben-figurare-e-un-onore-giocare-con-una-squadra-dalla-grandissima-tradizione\/","title":{"rendered":"Savona, Corda contro il Torino vuol ben figurare: &#8220;E&#8217; una squadra dalla grandissima tradizione&#8221;"},"content":{"rendered":"<p><strong>Savona.<\/strong> A Bene Vagienna si continua a lavorare sodo, ma \u00e8 tempo anche di pensare all&#8217;amichevole di lusso di domani pomeriggio (ore 19) al &#8220;Gasco&#8221;\u00a0di Mondov\u00ec contro il Torino di mister Ventura.<\/p>\n<p>Test probante, prima dell&#8217;esordio stagionale domenica prossima al &#8220;Curi&#8221; contro il Perugia nel match d&#8217;esordio di Tim Cup. Mister Corda, ovviamente, far\u00e0 ruotare tutti gli elementi a disposizione per dosare a dovere le energie.<\/p>\n<p>&#8220;Andremo a Mondov\u00ec in ventidue &#8211; conferma il tecnico biancobl\u00f9 &#8211; e i ragazzi faranno mediamente un tempo a testa. Ovviamente ci teniamo a ben figurare, perch\u00e8 \u00e8 un onore per noi giocare contro una squadra come il Torino, che non \u00e8 semplicemente una squadra di serie A, ma ha inoltre una grandissima tradizione&#8221;.<\/p>\n<p>&#8220;Con i granata abbiamo ottimi rapporti &#8211; continua Corda &#8211; ed \u00e8 stata grande la soddisfazione di essere stati chiamati per questa amichevole. Certo siamo molto pi\u00f9 indietro nella preparazione ma, ripeto, ci teniamo\u00a0a fare bella figura. Fra l&#8217;altro abbiamo appreso con piacere che la campagna abbonamenti \u00e8 partita a gonfie vele, per cui\u00a0speriamo anche che\u00a0ci siano molti tifosi\u00a0biancobl\u00f9 in tribuna&#8221;.<\/p>\n","protected":false},"excerpt":{"rendered":"<p>Savona. A Bene Vagienna si continua a lavorare sodo, ma \u00e8 tempo anche di pensare all&#8217;amichevole di lusso di domani pomeriggio (ore 19) al &#8220;Gasco&#8221;\u00a0di Mondov\u00ec contro il Torino di mister Ventura. Test probante, prima dell&#8217;esordio stagionale domenica prossima al &#8220;Curi&#8221; contro il Perugia nel match d&#8217;esordio di Tim Cup. Mister Corda, ovviamente, far\u00e0 ruotare [&hellip;]<\/p>\n","protected":false},"author":13744,"featured_media":0,"comment_status":"open","ping_status":"closed","sticky":false,"template":"","format":"standard","meta":{"footnotes":""},"categories":[182,1578,32],"tags":[2975,4712,24481,11065,7670],"class_list":["post-247036","post","type-post","status-publish","format-standard","hentry","category-calcio","category-savona-calcio","category-sport","tag-amichevole","tag-corda","tag-lega-pro","tag-prima-divisione","tag-savona-torino","post_cat_citta-savona"],"amp_validity":null,"amp_enabled":true,"_links":{"self":[{"href":"https:\/\/staging.ivg.it\/ediapi\/wp\/v2\/posts\/247036","targetHints":{"allow":["GET"]}}],"collection":[{"href":"https:\/\/staging.ivg.it\/ediapi\/wp\/v2\/posts"}],"about":[{"href":"https:\/\/staging.ivg.it\/ediapi\/wp\/v2\/types\/post"}],"author":[{"embeddable":true,"href":"https:\/\/staging.ivg.it\/ediapi\/wp\/v2\/users\/13744"}],"replies":[{"embeddable":true,"href":"https:\/\/staging.ivg.it\/ediapi\/wp\/v2\/comments?post=247036"}],"version-history":[{"count":0,"href":"https:\/\/staging.ivg.it\/ediapi\/wp\/v2\/posts\/247036\/revisions"}],"wp:attachment":[{"href":"https:\/\/staging.ivg.it\/ediapi\/wp\/v2\/media?parent=247036"}],"wp:term":[{"taxonomy":"category","embeddable":true,"href":"https:\/\/staging.ivg.it\/ediapi\/wp\/v2\/categories?post=247036"},{"taxonomy":"post_tag","embeddable":true,"href":"https:\/\/staging.ivg.it\/ediapi\/wp\/v2\/tags?post=247036"}],"curies":[{"name":"wp","href":"https:\/\/api.w.org\/{rel}","templated":true}]}}