{"id":247018,"date":"2013-08-01T15:41:33","date_gmt":"2013-08-01T13:41:33","guid":{"rendered":"http:\/\/www.ivg.it\/?p=247018"},"modified":"2013-08-02T10:53:43","modified_gmt":"2013-08-02T08:53:43","slug":"nascita-di-forza-italia-ad-alassio-ok-dal-pdl-provinciale-il-segretario-valle-pieno-appoggio","status":"publish","type":"post","link":"https:\/\/staging.ivg.it\/2013\/08\/nascita-di-forza-italia-ad-alassio-ok-dal-pdl-provinciale-il-segretario-valle-pieno-appoggio\/","title":{"rendered":"Nascita di Forza Italia ad Alassio, ok dal Pdl provinciale. Il segretario Valle: &#8220;Pieno appoggio&#8221;"},"content":{"rendered":"<p><strong>Alassio.<\/strong> \u201cSulla nascita di Forza Italia ad Alassio confermo che da tempo chiedevamo che il centro destra alassino formalizzasse la sua unitariet\u00e0 sotto un unico simbolo e in un&#8217;unica forma. Era necessario tanto che, in occasione delle amministrative, abbiamo scomodato il presidente Vaccarezza, nominandolo commissario della sezione del Pdl di Alassio poich\u00e9 lo ritenevamo tra i pochi, se non l&#8217;unico, in grado di fare quadrato e riunire l\u2019anima del partito e del centro destra alassino. I risultati sono stati ottimi&#8230;\u201d. Lo afferma il segretario provinciale del Pdl Andrea Valle dopo la nascita del gruppo di Forza Italia ad Alassio. Il Pdl alassino era infatti orfano di un direttivo e di un coordinamento, con la stagione dei congressi locali che per il Popolo delle Libert\u00e0, in attesa di definire la sua nuova possibile struttura a livello nazionale, non \u00e8 pi\u00f9 arrivata. <\/p>\n<p>\u201cOra gli alassini devono iniziare a camminare con le proprie gambe in autonomia. In qualunque modo vorranno chiamarsi quindi, come coordinamento provinciale Pdl, salutiamo con piacere l&#8217;iniziativa di Marco Melgrati, confermando tutta la nostra disponibilit\u00e0 e il nostro interesse a farla crescere\u201d conclude il segretario del Pdl.<\/p>\n","protected":false},"excerpt":{"rendered":"<p>Alassio. \u201cSulla nascita di Forza Italia ad Alassio confermo che da tempo chiedevamo che il centro destra alassino formalizzasse la sua unitariet\u00e0 sotto un unico simbolo e in un&#8217;unica forma. Era necessario tanto che, in occasione delle amministrative, abbiamo scomodato il presidente Vaccarezza, nominandolo commissario della sezione del Pdl di Alassio poich\u00e9 lo ritenevamo tra [&hellip;]<\/p>\n","protected":false},"author":13744,"featured_media":0,"comment_status":"open","ping_status":"closed","sticky":false,"template":"","format":"standard","meta":{"footnotes":""},"categories":[31],"tags":[85824,9954,3172,505,2328,216],"class_list":["post-247018","post","type-post","status-publish","format-standard","hentry","category-politica","tag-alassio","tag-andrea-valle","tag-centro-destra","tag-forza-italia","tag-marco-melgrati","tag-pdl","post_cat_citta-alassio","post_cat_citta-andora"],"amp_validity":null,"amp_enabled":true,"_links":{"self":[{"href":"https:\/\/staging.ivg.it\/ediapi\/wp\/v2\/posts\/247018","targetHints":{"allow":["GET"]}}],"collection":[{"href":"https:\/\/staging.ivg.it\/ediapi\/wp\/v2\/posts"}],"about":[{"href":"https:\/\/staging.ivg.it\/ediapi\/wp\/v2\/types\/post"}],"author":[{"embeddable":true,"href":"https:\/\/staging.ivg.it\/ediapi\/wp\/v2\/users\/13744"}],"replies":[{"embeddable":true,"href":"https:\/\/staging.ivg.it\/ediapi\/wp\/v2\/comments?post=247018"}],"version-history":[{"count":0,"href":"https:\/\/staging.ivg.it\/ediapi\/wp\/v2\/posts\/247018\/revisions"}],"wp:attachment":[{"href":"https:\/\/staging.ivg.it\/ediapi\/wp\/v2\/media?parent=247018"}],"wp:term":[{"taxonomy":"category","embeddable":true,"href":"https:\/\/staging.ivg.it\/ediapi\/wp\/v2\/categories?post=247018"},{"taxonomy":"post_tag","embeddable":true,"href":"https:\/\/staging.ivg.it\/ediapi\/wp\/v2\/tags?post=247018"}],"curies":[{"name":"wp","href":"https:\/\/api.w.org\/{rel}","templated":true}]}}