{"id":246399,"date":"2013-07-24T16:27:06","date_gmt":"2013-07-24T14:27:06","guid":{"rendered":"http:\/\/www.ivg.it\/?p=246399"},"modified":"2013-07-25T11:42:53","modified_gmt":"2013-07-25T09:42:53","slug":"movida-ad-albisola","status":"publish","type":"post","link":"https:\/\/staging.ivg.it\/2013\/07\/movida-ad-albisola\/","title":{"rendered":"Albisola, scatta l&#8217;ordinanza sindacale sulla movida: limitazioni ai locali, eccezione per notte bianca e ferragosto"},"content":{"rendered":"<p><strong>Albisola Superiore<\/strong>. Alla fine l&#8217;ordinanza del sindaco Franco Orsi \u00e8 stata emessa, per tamponare i disagi generati dalla movida del fine settimana: schiamazzi e urla, ma anche atti vandalici, dovuti soprattutto al movimento in uscita dalle discoteche di ragazzi che prendono d&#8217;assalto gli esercizi, aperti sino all&#8217;alba, che somministrano alimenti e bevande. <\/p>\n<p>Dopo questo ultimo weekend che ha fatto da banco di prova, il primo cittadino ha deciso di dar corso al provvedimento, gi\u00e0 annunciato. Spiega Orsi: &#8220;Dal prossimo fine settimana, nelle notti del venerd\u00ec e del sabato entreranno in vigore limitazioni all&#8217;apertura alla vendita di cibi e bevande ed altri divieti che si rendono necessari per ridurre i rischi di sicurezza pubblica ed il disturbo alla quiete notturna dei cittadini&#8221;.<\/p>\n<p>&#8220;In sintesi: in tutta Albisola Capo ad esclusione dell&#8217;area a sud della passeggiata \u00e8 vietata l&#8217;apertura dei locali e la vendita di cibi e bevande al pubblico dalle ore 3 alle ore 6. In alcune vie e piazze: Via Casarino e traverse, via Colombo, via Battisti, piazza chiesa e piazza del Tallian e un pezzo di via Natale Leone \u00e8 vietato l&#8217;assembramento e lo stazionamento rumoroso delle persone nei medesimi orari&#8221; osserva il sindaco. <\/p>\n<p>&#8220;L&#8217;ordinanza non sar\u00e0 efficace nella notte bianca organizzata dall&#8217;amministrazione il 2 agosto e nel weekend di ferragosto (16-17 agosto). Personalmente mi sono persuado che questa \u00e8 una giusta mediazione tra le esigenze delle attivit\u00e0 economiche e il diritto al divertimento, e il diritto al riposo, alla quiete ed al decoro della citt\u00e0! L&#8217;ordinanza sar\u00e0 valida (solo nei fine settimana) fino al 16 settembre&#8221; conclude il sindaco.<\/p>\n","protected":false},"excerpt":{"rendered":"<p>Albisola Superiore. Alla fine l&#8217;ordinanza del sindaco Franco Orsi \u00e8 stata emessa, per tamponare i disagi generati dalla movida del fine settimana: schiamazzi e urla, ma anche atti vandalici, dovuti soprattutto al movimento in uscita dalle discoteche di ragazzi che prendono d&#8217;assalto gli esercizi, aperti sino all&#8217;alba, che somministrano alimenti e bevande. Dopo questo ultimo [&hellip;]<\/p>\n","protected":false},"author":13744,"featured_media":0,"comment_status":"open","ping_status":"closed","sticky":false,"template":"","format":"standard","meta":{"footnotes":""},"categories":[31],"tags":[432,4222,9967],"class_list":["post-246399","post","type-post","status-publish","format-standard","hentry","category-politica","tag-albisola","tag-discoteca","tag-movida","post_cat_citta-albisola-superiore"],"amp_validity":null,"amp_enabled":true,"_links":{"self":[{"href":"https:\/\/staging.ivg.it\/ediapi\/wp\/v2\/posts\/246399","targetHints":{"allow":["GET"]}}],"collection":[{"href":"https:\/\/staging.ivg.it\/ediapi\/wp\/v2\/posts"}],"about":[{"href":"https:\/\/staging.ivg.it\/ediapi\/wp\/v2\/types\/post"}],"author":[{"embeddable":true,"href":"https:\/\/staging.ivg.it\/ediapi\/wp\/v2\/users\/13744"}],"replies":[{"embeddable":true,"href":"https:\/\/staging.ivg.it\/ediapi\/wp\/v2\/comments?post=246399"}],"version-history":[{"count":0,"href":"https:\/\/staging.ivg.it\/ediapi\/wp\/v2\/posts\/246399\/revisions"}],"wp:attachment":[{"href":"https:\/\/staging.ivg.it\/ediapi\/wp\/v2\/media?parent=246399"}],"wp:term":[{"taxonomy":"category","embeddable":true,"href":"https:\/\/staging.ivg.it\/ediapi\/wp\/v2\/categories?post=246399"},{"taxonomy":"post_tag","embeddable":true,"href":"https:\/\/staging.ivg.it\/ediapi\/wp\/v2\/tags?post=246399"}],"curies":[{"name":"wp","href":"https:\/\/api.w.org\/{rel}","templated":true}]}}