{"id":245778,"date":"2013-07-16T16:21:46","date_gmt":"2013-07-16T14:21:46","guid":{"rendered":"http:\/\/www.ivg.it\/?p=245778"},"modified":"2013-07-17T15:03:22","modified_gmt":"2013-07-17T13:03:22","slug":"labrador-trovato-morto-nel-lago-di-osiglia-il-gruppo-su-facebook-parte-civile-con-la-fondazione-virio","status":"publish","type":"post","link":"https:\/\/staging.ivg.it\/2013\/07\/labrador-trovato-morto-nel-lago-di-osiglia-il-gruppo-su-facebook-parte-civile-con-la-fondazione-virio\/","title":{"rendered":"Labrador trovato morto nel lago di Osiglia, il gruppo su Facebook parte civile con la fondazione \u201cVirio\u201d"},"content":{"rendered":"<p><strong>Osiglia. <\/strong>Il gruppo nato su Facebook \u00e8 pronto ad agire per vie legali contro il 39enne di Millesimo, iniziali Massimo P., responsabile dell\u2019atroce fine del giovane labrador di sei mesi legato e poi gettato nel lago di Osiglia. Il gruppo, arrivato ormai ad 800 persone, si muover\u00e0 a livello legale con la fondazione animalista savonese \u201cVirio\u201d che si costituir\u00e0 parte civile nel procedimento penale a carico del 39enne di Millesimo, che era stato individuato dalla polizia municipale che ha eseguito le indagini.<\/p>\n<p>\u201cServono persone motivate, serie, che abbiano intenzione di proseguire seriamente fino al termine dell&#8217;iter. Persone che abbiano voglia e motivo di vendicare, legalmente, quello che \u00e8 successo \u2013 afferma il portavoce del gruppo -. La fondazione \u201cVirio&#8221; si prefigge di rappresentare persone serie e motivate, e sono certo di poter contare su tutti voi\u201d.<\/p>\n<p>\u201cParleremo di cortei, manifestazioni e eventi in un secondo momento, ora la pratica legale \u00e8 quella che conta pi\u00f9 di tutte: vi invito pertanto a mantenere la calma, a non prendere questo passo alla leggera, e a non commettere nulla che possa danneggiare l&#8217;immagine di tutto quello che stiamo facendo. Per permettere alla persona che rappresenta la fondazione, e che rappresenter\u00e0 tutti noi, di poter lavorare seriamente con i legali, serve tutta la nostra collaborazione e seriet\u00e0\u201d.<\/p>\n<p>\u201cPertanto, in 24 ore a partire da ora, potreste non trovare disponibile la funzione di inserire post e commenti. I nostri legali si sono attivati fin da subito per procedere, non appena avranno un mandato firmato dalla fondazione potranno capire se il procedimento penale \u00e8 gi\u00e0 in corso, e a che punto \u00e8, per questo motivo la vostra adesione \u00e8 urgente. Confido in tutti Voi, spero che nessuno si tiri indietro, e spero che il nostro obiettivo si raggiunga il prima possibile\u201d.<\/p>\n","protected":false},"excerpt":{"rendered":"<p>Osiglia. Il gruppo nato su Facebook \u00e8 pronto ad agire per vie legali contro il 39enne di Millesimo, iniziali Massimo P., responsabile dell\u2019atroce fine del giovane labrador di sei mesi legato e poi gettato nel lago di Osiglia. Il gruppo, arrivato ormai ad 800 persone, si muover\u00e0 a livello legale con la fondazione animalista savonese [&hellip;]<\/p>\n","protected":false},"author":13744,"featured_media":0,"comment_status":"open","ping_status":"closed","sticky":false,"template":"","format":"standard","meta":{"footnotes":""},"categories":[34],"tags":[46533,85857,47582,85935],"class_list":["post-245778","post","type-post","status-publish","format-standard","hentry","category-cronaca","tag-labrador","tag-millesimo","tag-morte-labrador","tag-osiglia","post_cat_citta-andora","post_cat_citta-millesimo","post_cat_citta-osiglia"],"amp_validity":null,"amp_enabled":true,"_links":{"self":[{"href":"https:\/\/staging.ivg.it\/ediapi\/wp\/v2\/posts\/245778","targetHints":{"allow":["GET"]}}],"collection":[{"href":"https:\/\/staging.ivg.it\/ediapi\/wp\/v2\/posts"}],"about":[{"href":"https:\/\/staging.ivg.it\/ediapi\/wp\/v2\/types\/post"}],"author":[{"embeddable":true,"href":"https:\/\/staging.ivg.it\/ediapi\/wp\/v2\/users\/13744"}],"replies":[{"embeddable":true,"href":"https:\/\/staging.ivg.it\/ediapi\/wp\/v2\/comments?post=245778"}],"version-history":[{"count":0,"href":"https:\/\/staging.ivg.it\/ediapi\/wp\/v2\/posts\/245778\/revisions"}],"wp:attachment":[{"href":"https:\/\/staging.ivg.it\/ediapi\/wp\/v2\/media?parent=245778"}],"wp:term":[{"taxonomy":"category","embeddable":true,"href":"https:\/\/staging.ivg.it\/ediapi\/wp\/v2\/categories?post=245778"},{"taxonomy":"post_tag","embeddable":true,"href":"https:\/\/staging.ivg.it\/ediapi\/wp\/v2\/tags?post=245778"}],"curies":[{"name":"wp","href":"https:\/\/api.w.org\/{rel}","templated":true}]}}