{"id":245764,"date":"2013-07-16T13:38:54","date_gmt":"2013-07-16T11:38:54","guid":{"rendered":"http:\/\/www.ivg.it\/?p=245764"},"modified":"2013-07-16T13:38:54","modified_gmt":"2013-07-16T11:38:54","slug":"turismo-2-0-primo-incontro-dei-blogger-liguri-nascono-liguriaevents-e-myliguria140","status":"publish","type":"post","link":"https:\/\/staging.ivg.it\/2013\/07\/turismo-2-0-primo-incontro-dei-blogger-liguri-nascono-liguriaevents-e-myliguria140\/","title":{"rendered":"Turismo 2.0, primo incontro dei blogger liguri: nascono #LiguriaEvents e #MyLiguria140"},"content":{"rendered":"<p><strong>Liguria<\/strong>. Ieri sera, alle 18, presso l\u2019Auditorium della Regione Liguria, si \u00e8 svolto un incontro organizzato dall\u2019assessore regionale al turismo e cultura Angelo Berlangieri che ha raccolto a chiamata blogger liguri e appassionati di Liguria attivi sui social network per un progetto di appartenenza territoriale con finalit\u00e0 turistiche.<\/p>\n<p>\u201cOrgogliosi di essere liguri, felici di raccontarlo!\u201d questo lo slogan del social media team diffuso, lanciato attraverso il Blog La Liguria racconta (<a href=\"http:\/\/www.laliguriaracconta.it\/\">www.laliguriaracconta.it<\/a>) dall\u2019Agenzia regionale di promozione turistica \u201cin Liguria\u201d.<\/p>\n<p>Lo spunto del progetto di creare un \u201cteam diffuso\u201d si deve all\u2019intuizione di Roberta Milano, docente di web marketing e blogger, che ha inserito nella strategia della comunicazione social del piano di marketing di \u201cin Liguria\u201d la produzione di contenuti dal basso e il coinvolgimento di professionisti, residenti e turisti.<\/p>\n<p>L\u2019assessore Berlangieri ha illustrato il progetto per comunicare nelle nuove modalit\u00e0 previste dai social network gli eventi estivi liguri. &#8220;Dobbiamo surfare l\u2019onda della comunicazione 2.0 &#8211; afferma Angelo Berlangieri \u2013 se non vogliamo rimanere sommersi nel mare magnum della comunicazione&#8221;.<\/p>\n<p>La richiesta fatta ai blogger \u00e8 quindi di candidarsi a seguirne alcuni eventi come inviati ufficiali. sulla base di personali inclinazioni o passioni (teatro, musica, folklore o altro) e dei luoghi di residenza. L\u2019assessorato si impegner\u00e0 a rendere disponibile l\u2019ingresso gratuito agli eventi e a rilanciare sui canali social della Liguria (Facebook, Twitter, Pinterest e il Blog) la narrazione che ne scaturir\u00e0. Una sorta di alleanza nella quale il vantaggio \u00e8 reciproco in termini di visibilit\u00e0, sia per la destinazione che per l\u2019autore.<\/p>\n<p>La proposta \u00e8 stata raccolta con entusiasmo dal nuovo \u201cSocial Media Team diffuso\u201d tanto che si \u00e8 deciso in concreto di costituire un gruppo di lavoro e di comunicare gli eventi attraverso #LiguriaEvents per gestire la produzione e creazione di contenuti relativi al progetto.<\/p>\n<p>Durante l\u2019incontro la Responsabile Comunicazione dell\u2019Agenzia In Liguria ha presentato la prima guida turistica italiana costruita dal basso: #MyLiguria140. \u00c8 un sistema di storytelling turistico basato su Twitter che permette al turista di autogenerare una guida personalizzata e aggiornata filtrando i tweet della destinazione e con i temi di suo interesse.<\/p>\n<p>L\u2019idea #MyLiguria140 si integra nella strategia di web marketing della Liguria adottando per prima in Italia un modello di narrazione interattiva del territorio. Le persone possono filtrare i tweet e generare una guida personalizzata scegliendo tra i tweet fatti con #MyItaly140 e le sotto categorie di interesse (ad esempio #Myliguria &gt; guida di Genova sotto categorie &gt; acquario, ristoranti, cultura).<\/p>\n<p>La realizzazione del primo e-book turistico coinvolge, oltre all\u2019Agenzia in Liguria,\u00a0 blogger, turisti e cittadini che con #MyLiguria140 sono allo stesso tempo produttori e fruitori dei contenuti di promozione turistica.<\/p>\n","protected":false},"excerpt":{"rendered":"<p>Liguria. Ieri sera, alle 18, presso l\u2019Auditorium della Regione Liguria, si \u00e8 svolto un incontro organizzato dall\u2019assessore regionale al turismo e cultura Angelo Berlangieri che ha raccolto a chiamata blogger liguri e appassionati di Liguria attivi sui social network per un progetto di appartenenza territoriale con finalit\u00e0 turistiche. \u201cOrgogliosi di essere liguri, felici di raccontarlo!\u201d [&hellip;]<\/p>\n","protected":false},"author":13744,"featured_media":0,"comment_status":"open","ping_status":"closed","sticky":false,"template":"","format":"standard","meta":{"footnotes":""},"categories":[35],"tags":[15517,1362,393,107],"class_list":["post-245764","post","type-post","status-publish","format-standard","hentry","category-economia","tag-angelo-berlangieri","tag-blog","tag-liguria","tag-turismo","post_cat_citta-andora"],"amp_validity":null,"amp_enabled":true,"_links":{"self":[{"href":"https:\/\/staging.ivg.it\/ediapi\/wp\/v2\/posts\/245764","targetHints":{"allow":["GET"]}}],"collection":[{"href":"https:\/\/staging.ivg.it\/ediapi\/wp\/v2\/posts"}],"about":[{"href":"https:\/\/staging.ivg.it\/ediapi\/wp\/v2\/types\/post"}],"author":[{"embeddable":true,"href":"https:\/\/staging.ivg.it\/ediapi\/wp\/v2\/users\/13744"}],"replies":[{"embeddable":true,"href":"https:\/\/staging.ivg.it\/ediapi\/wp\/v2\/comments?post=245764"}],"version-history":[{"count":0,"href":"https:\/\/staging.ivg.it\/ediapi\/wp\/v2\/posts\/245764\/revisions"}],"wp:attachment":[{"href":"https:\/\/staging.ivg.it\/ediapi\/wp\/v2\/media?parent=245764"}],"wp:term":[{"taxonomy":"category","embeddable":true,"href":"https:\/\/staging.ivg.it\/ediapi\/wp\/v2\/categories?post=245764"},{"taxonomy":"post_tag","embeddable":true,"href":"https:\/\/staging.ivg.it\/ediapi\/wp\/v2\/tags?post=245764"}],"curies":[{"name":"wp","href":"https:\/\/api.w.org\/{rel}","templated":true}]}}