{"id":245715,"date":"2013-07-15T16:15:22","date_gmt":"2013-07-15T14:15:22","guid":{"rendered":"http:\/\/www.ivg.it\/?p=245715"},"modified":"2013-07-15T16:15:22","modified_gmt":"2013-07-15T14:15:22","slug":"tribunale-di-savona-larrivo-del-nuovo-presidente-giovanni-soave-e-atteso-per-il-22-luglio","status":"publish","type":"post","link":"https:\/\/staging.ivg.it\/2013\/07\/tribunale-di-savona-larrivo-del-nuovo-presidente-giovanni-soave-e-atteso-per-il-22-luglio\/","title":{"rendered":"Tribunale di Savona, l&#8217;arrivo del nuovo presidente Giovanni Soave \u00e8 atteso per il 22 luglio"},"content":{"rendered":"<p><strong>Savona<\/strong>. C&#8217;\u00e8 una data per l&#8217;arrivo di Giovanni Soave nel Palazzo di Giustizia di Savona. La presa di servizio del nuovo presidente del tribunale di Savona \u00e8 infatti attesa per il 22 di luglio. La sua nomina aveva ottenuto il via libera con votazione unanime dalla commissione del Consiglio superiore della magistratura ed aveva poi ricevuto il parere favorevole del plenum del Csm e la firma del ministro.<\/p>\n<p>Per Soave, attuale presidente del tribunale di Acqui Terme, quello a Savona \u00e8 un ritorno: nella citt\u00e0 della Torretta era gi\u00e0 rimasto tredici anni, fino al 2008, arrivando a ricoprire il ruolo di presidente della sezione civile.<\/p>\n","protected":false},"excerpt":{"rendered":"<p>Savona. C&#8217;\u00e8 una data per l&#8217;arrivo di Giovanni Soave nel Palazzo di Giustizia di Savona. La presa di servizio del nuovo presidente del tribunale di Savona \u00e8 infatti attesa per il 22 di luglio. La sua nomina aveva ottenuto il via libera con votazione unanime dalla commissione del Consiglio superiore della magistratura ed aveva poi [&hellip;]<\/p>\n","protected":false},"author":2394,"featured_media":0,"comment_status":"open","ping_status":"closed","sticky":false,"template":"","format":"standard","meta":{"footnotes":""},"categories":[],"tags":[85850,16920],"class_list":["post-245715","post","type-post","status-publish","format-standard","hentry","tag-savona","tag-tribunale-di-savona","post_cat_citta-savona"],"amp_validity":null,"amp_enabled":true,"_links":{"self":[{"href":"https:\/\/staging.ivg.it\/ediapi\/wp\/v2\/posts\/245715","targetHints":{"allow":["GET"]}}],"collection":[{"href":"https:\/\/staging.ivg.it\/ediapi\/wp\/v2\/posts"}],"about":[{"href":"https:\/\/staging.ivg.it\/ediapi\/wp\/v2\/types\/post"}],"author":[{"embeddable":true,"href":"https:\/\/staging.ivg.it\/ediapi\/wp\/v2\/users\/2394"}],"replies":[{"embeddable":true,"href":"https:\/\/staging.ivg.it\/ediapi\/wp\/v2\/comments?post=245715"}],"version-history":[{"count":0,"href":"https:\/\/staging.ivg.it\/ediapi\/wp\/v2\/posts\/245715\/revisions"}],"wp:attachment":[{"href":"https:\/\/staging.ivg.it\/ediapi\/wp\/v2\/media?parent=245715"}],"wp:term":[{"taxonomy":"category","embeddable":true,"href":"https:\/\/staging.ivg.it\/ediapi\/wp\/v2\/categories?post=245715"},{"taxonomy":"post_tag","embeddable":true,"href":"https:\/\/staging.ivg.it\/ediapi\/wp\/v2\/tags?post=245715"}],"curies":[{"name":"wp","href":"https:\/\/api.w.org\/{rel}","templated":true}]}}