{"id":245343,"date":"2013-07-10T10:42:10","date_gmt":"2013-07-10T08:42:10","guid":{"rendered":"http:\/\/www.ivg.it\/?p=245343"},"modified":"2013-07-11T09:59:32","modified_gmt":"2013-07-11T07:59:32","slug":"baia-dei-saraceni-la-spiaggia-sbarrata-torna-libera-rimossa-la-grata-che-chiudeva-laccesso-allarenile-pubblico","status":"publish","type":"post","link":"https:\/\/staging.ivg.it\/2013\/07\/baia-dei-saraceni-la-spiaggia-sbarrata-torna-libera-rimossa-la-grata-che-chiudeva-laccesso-allarenile-pubblico\/","title":{"rendered":"Baia dei Saraceni, la spiaggia &#8220;sbarrata&#8221; torna libera: rimossa la grata che chiudeva l&#8217;accesso all&#8217;arenile pubblico"},"content":{"rendered":"<p><strong>Varigotti<\/strong>. Liberata. La spiaggaia della Baia dei Saraceni non \u00e8 pi\u00f9 prigioniera della grata che ne impediva l&#8217;accesso ai bagnanti. Luned\u00ec il Comune di Finale aveva intimato la rimozione della grata che ostruisce il passaggio alla spiaggetta e cos\u00ec \u00e8 stato. Questa mattina il &#8220;muro&#8221; di ferro, installato con la scusa di interventi di messa in sicurezza e che di fatto chiudeva il passaggio a chi voleva raggiungere l&#8217;arenile pubblico, \u00e8 stato parzialmente rimosso.<\/p>\n<p>Insieme alla grata \u00e8 sparito anche il cartello con la scritta &#8220;divieto di accesso&#8221; che campeggiava appeso alla barriera metallica. Gi\u00e0 l&#8217;Ufficio Aree Demaniali e Marittime della Regione Liguria aveva chiarito che la grata non poteva impedire l&#8217;ingresso sulla spiaggia pubblica. Poi \u00e8 arrivata l&#8217;ordinanza del Comune. Cos\u00ec il cartello con la scritta &#8220;Intervento provvisorio e precauzionale in attesa della messa in sicurezza della scogliera&#8221; e il divieto d&#8217;accesso sono spariti.<\/p>\n","protected":false},"excerpt":{"rendered":"<p>Varigotti. Liberata. La spiaggaia della Baia dei Saraceni non \u00e8 pi\u00f9 prigioniera della grata che ne impediva l&#8217;accesso ai bagnanti. Luned\u00ec il Comune di Finale aveva intimato la rimozione della grata che ostruisce il passaggio alla spiaggetta e cos\u00ec \u00e8 stato. Questa mattina il &#8220;muro&#8221; di ferro, installato con la scusa di interventi di messa [&hellip;]<\/p>\n","protected":false},"author":13744,"featured_media":0,"comment_status":"open","ping_status":"closed","sticky":false,"template":"","format":"standard","meta":{"footnotes":""},"categories":[34],"tags":[86054,209,85960],"class_list":["post-245343","post","type-post","status-publish","format-standard","hentry","category-cronaca","tag-baia-dei-saraceni","tag-finale","tag-varigotti","post_cat_citta-varigotti"],"amp_validity":null,"amp_enabled":true,"_links":{"self":[{"href":"https:\/\/staging.ivg.it\/ediapi\/wp\/v2\/posts\/245343","targetHints":{"allow":["GET"]}}],"collection":[{"href":"https:\/\/staging.ivg.it\/ediapi\/wp\/v2\/posts"}],"about":[{"href":"https:\/\/staging.ivg.it\/ediapi\/wp\/v2\/types\/post"}],"author":[{"embeddable":true,"href":"https:\/\/staging.ivg.it\/ediapi\/wp\/v2\/users\/13744"}],"replies":[{"embeddable":true,"href":"https:\/\/staging.ivg.it\/ediapi\/wp\/v2\/comments?post=245343"}],"version-history":[{"count":0,"href":"https:\/\/staging.ivg.it\/ediapi\/wp\/v2\/posts\/245343\/revisions"}],"wp:attachment":[{"href":"https:\/\/staging.ivg.it\/ediapi\/wp\/v2\/media?parent=245343"}],"wp:term":[{"taxonomy":"category","embeddable":true,"href":"https:\/\/staging.ivg.it\/ediapi\/wp\/v2\/categories?post=245343"},{"taxonomy":"post_tag","embeddable":true,"href":"https:\/\/staging.ivg.it\/ediapi\/wp\/v2\/tags?post=245343"}],"curies":[{"name":"wp","href":"https:\/\/api.w.org\/{rel}","templated":true}]}}