{"id":245295,"date":"2013-07-09T11:21:51","date_gmt":"2013-07-09T09:21:51","guid":{"rendered":"http:\/\/www.ivg.it\/?p=245295"},"modified":"2013-07-09T11:25:49","modified_gmt":"2013-07-09T09:25:49","slug":"a-quiliano-la-rassegna-darte-contemporanea-diffusa","status":"publish","type":"post","link":"https:\/\/staging.ivg.it\/2013\/07\/a-quiliano-la-rassegna-darte-contemporanea-diffusa\/","title":{"rendered":"A Quiliano la rassegna d&#8217;arte contemporanea &#8220;Diffusa&#8221;"},"content":{"rendered":"<p><strong>Quiliano.<\/strong> Gioved\u00ec 11 luglio alle ore 18.00 presso il Convento dei Frati Cappuccini di Quiliano, e a seguire alle ore 20.30 a Villa Maria, inaugurer\u00e0 la mostra d&#8217;arte contemporanea Diffusa. A partire da gioved\u00ec, per tutto il mese di luglio, Quiliano e Valleggia ospiteranno questo grande evento artistico, organizzato dal Comune di Quiliano, attraverso il SACS (Spazio Arte Contemporanea Sperimentale) che coinvolge circa ottanta artisti e sei spazi espositivi.<\/p>\n<p>Diffusa \u00e8 realizzata attraverso una serie di mostre coordinate in un unico evento, un&#8217;importante occasione culturale dedicata al mondo dell&#8217;arte contemporanea. La manifestazione coinvolger\u00e0 associazioni di settore, gallerie d&#8217;arte e artisti in diversi spazi espositivi, molti dei quali importanti realt\u00e0 storico-architettoniche del territorio. Una straordinaria opportunit\u00e0 per far conoscere anche alcune bellezze della nostra terra come l&#8217;Oratorio di San Sebastiano e la Chiesa di San Pietro in Carpignano a Valleggia, Villa Maria e il Convento dei Frati Cappuccini a Quiliano.<\/p>\n<p>Si potranno ammirare opere di artisti non solo locali, realizzate con diversi linguaggi che spaziano dalla pittura alla video-art, dalle installazioni alla fotografia, dalla scultura sino all&#8217;intrigante performance-art, espressione artistica coinvolgente ed effimera.<\/p>\n<p>La realizzazione di Diffusa, in un momento di particolare difficolt\u00e0 in termini di risorse finanziarie, \u00e8 stata possibile grazie all&#8217;appassionato lavoro di volontariato di molti, a partire dai direttori artistici del SACS e curatori della parte progettuale e grafica dell&#8217;evento, delle Associazioni Quilianoarte e Govonis, del Circolo Culturale Eleutheros, della fotogalleria Incantations e della Galleria d&#8217;arte del Cavallo.<\/p>\n<p>Il progetto, per la sua originalit\u00e0, ha inoltre incontrato l&#8217;adesione e il sostegno, fondamentale per la predisposizione del catalogo, della Fondazione Agostino De Mari, sempre attenta nel cogliere e supportare le proposte culturali di qualit\u00e0.<\/p>\n<p>Ecco tutte le date e le location di inaugurazione di questa importante mostra:<\/p>\n<p>gioved\u00ec 11 \tore 18.00 Convento dei Frati Cappuccini a Quiliano<br \/>\n\t\tore 20.30 Villa Maria a Quiliano<br \/>\nsabato 13\tore 18.00 Parco Archeologico Naturalistico San Pietro in Carpignano<br \/>\ndomenica 14     ore 18.00 Galleria d&#8217;Arte del Cavallo a Valleggia<br \/>\n\t\tore 20.30 Oratorio di San Sebastiano a Valleggia<br \/>\nsabato 20\tore 20.30 Laboratorio Associazione Govonis a Valleggia<\/p>\n<p>Le mostre saranno aperte tutti i giorni (luned\u00ec escluso) dalle 18.00 alle 22.00. Galleria d&#8217;arte del Cavallo: 9.00 -12.00 \/ 15.00 \u2013 19.00. Apriranno gli appuntamenti i Cattivi Maestri con \u201cAzioni Teatrali\u201d a Villa Maria, gioved\u00ec 11 luglio alle ore 21.00.<\/p>\n","protected":false},"excerpt":{"rendered":"<p>Quiliano. Gioved\u00ec 11 luglio alle ore 18.00 presso il Convento dei Frati Cappuccini di Quiliano, e a seguire alle ore 20.30 a Villa Maria, inaugurer\u00e0 la mostra d&#8217;arte contemporanea Diffusa. A partire da gioved\u00ec, per tutto il mese di luglio, Quiliano e Valleggia ospiteranno questo grande evento artistico, organizzato dal Comune di Quiliano, attraverso il [&hellip;]<\/p>\n","protected":false},"author":13744,"featured_media":0,"comment_status":"open","ping_status":"closed","sticky":false,"template":"","format":"standard","meta":{"footnotes":""},"categories":[],"tags":[390,85860],"class_list":["post-245295","post","type-post","status-publish","format-standard","hentry","tag-arte","tag-quiliano","post_cat_citta-andora","post_cat_citta-quiliano"],"amp_validity":null,"amp_enabled":true,"_links":{"self":[{"href":"https:\/\/staging.ivg.it\/ediapi\/wp\/v2\/posts\/245295","targetHints":{"allow":["GET"]}}],"collection":[{"href":"https:\/\/staging.ivg.it\/ediapi\/wp\/v2\/posts"}],"about":[{"href":"https:\/\/staging.ivg.it\/ediapi\/wp\/v2\/types\/post"}],"author":[{"embeddable":true,"href":"https:\/\/staging.ivg.it\/ediapi\/wp\/v2\/users\/13744"}],"replies":[{"embeddable":true,"href":"https:\/\/staging.ivg.it\/ediapi\/wp\/v2\/comments?post=245295"}],"version-history":[{"count":0,"href":"https:\/\/staging.ivg.it\/ediapi\/wp\/v2\/posts\/245295\/revisions"}],"wp:attachment":[{"href":"https:\/\/staging.ivg.it\/ediapi\/wp\/v2\/media?parent=245295"}],"wp:term":[{"taxonomy":"category","embeddable":true,"href":"https:\/\/staging.ivg.it\/ediapi\/wp\/v2\/categories?post=245295"},{"taxonomy":"post_tag","embeddable":true,"href":"https:\/\/staging.ivg.it\/ediapi\/wp\/v2\/tags?post=245295"}],"curies":[{"name":"wp","href":"https:\/\/api.w.org\/{rel}","templated":true}]}}