{"id":245043,"date":"2013-07-05T11:03:02","date_gmt":"2013-07-05T09:03:02","guid":{"rendered":"http:\/\/www.ivg.it\/?p=245043"},"modified":"2013-07-05T17:53:32","modified_gmt":"2013-07-05T15:53:32","slug":"european-cup-a-loano-la-capitana-azzurra-farina-entusiasta-bel-momento-per-il-nostro-tennis","status":"publish","type":"post","link":"https:\/\/staging.ivg.it\/2013\/07\/european-cup-a-loano-la-capitana-azzurra-farina-entusiasta-bel-momento-per-il-nostro-tennis\/","title":{"rendered":"European cup a Loano, la capitana azzurra Farina entusiasta: &#8220;Bel momento per il nostro tennis&#8221;"},"content":{"rendered":"<p><strong>Loano<\/strong>. Tutto pronto per l&#8217;edizione 2013 dell&#8217;European Summer Cup 2013 di tennis per nazionali Under 14 femminili, in programma al Tennis Club Loano da oggi a domenica 7 luglio. Quest&#8217;anno alla finale, organizzata dal Tennis Club Loano con il patrocinio dell\u2019aassessorato al Turismo, Cultura e Sport del Comune di Loano, l\u2019Associazione Tennis Europe e la Federtennis, tra le otto migliori nazionali c&#8217;\u00e8 anche l&#8217;Italia.<\/p>\n<p>Un risultato che, come spiega la capitana azzurra ed ex professionista Silvia Farina, non accadeva da un po&#8217; di tempo: &#8220;Era da tanto che non si raggiungeva il tabellone finale di questa manifestazione. Siamo molto soddisfatti per come \u00e8 andato il girone di qualificazione e adesso dobbiamo competere con le pi\u00f9 forti e vedremo come andr\u00e0. Certo abbiamo avuto un sorteggio non tanto felice contro la Repubblica Ceca che, a mio avviso, ha forse le giocatrici pi\u00f9 forti per\u00f2 sul campo pu\u00f2 girare tutto&#8221;.<\/p>\n<p>Le altre nazionali che si sfideranno sulla terra del Tc Loano sono: Germania, Gran Bretagna, Romania, Bielorussia, Russia, Spagna. Otto squadre nelle quali giocano le pi\u00f9 promettenti tenniste, quelle che, tra qualche anno, probabilmente saranno protagoniste nei tornei del circuito Wta. &#8220;Nomi \u00e8 difficile farne &#8211; spiega per\u00f2 Silvia Farina -. Alla mia squadra oggi manca purtroppo Debora Ginocchio che \u00e8 infortunata, ma c&#8217;\u00e8 un bel gruppo. E&#8217; ovvio che quando sono cos\u00ec piccole ci sono tanti fattori che possono girare ed \u00e8 sempre difficile fare delle previsioni per\u00f2 stanno crescendo bene. L&#8217;obbiettivo \u00e8 quello di potersi qualificare per la fase mondiale e, anche se appunto il sorteggio non \u00e8 stato felice, ci si prover\u00e0&#8221;.<\/p>\n<p>Sul lavoro svolto dalla Federtennis la capitana azzurra \u00e8 ottimista: &#8220;La federazione sta lavorando bene e sta investendo tanto sulle giovani perch\u00e9 \u00e8 importante anche sfruttare il momento di traino delle pi\u00f9 forti. Io avverto proprio nelle mie ragazze la voglia di seguire e le vedo appassionate. Vogliono anche loro in qualche modo raggiungere i risultati che hanno raggiunto le pi\u00f9 forti, quindi \u00e8 giusto investire. C&#8217;\u00e8 un bel gruppo e credo che il traino \u00e8 un fattore troppo motivante. L&#8217;ho visto anche io quando giocavo e mi \u00e8 capitato di dare l&#8217;esempio ad altre giocatrici che giocano attualmente. E&#8217; un treno sul quale \u00e8 giusto salire approfittando del momento. Lo hanno dimostrato anche altri sport come lo sci quando c&#8217;era Tomba e il seguito aumentava. Il tennis ora vive un momento meraviglioso ed \u00e8 giusto spingere&#8221;.<\/p>\n","protected":false},"excerpt":{"rendered":"<p>Loano. Tutto pronto per l&#8217;edizione 2013 dell&#8217;European Summer Cup 2013 di tennis per nazionali Under 14 femminili, in programma al Tennis Club Loano da oggi a domenica 7 luglio. Quest&#8217;anno alla finale, organizzata dal Tennis Club Loano con il patrocinio dell\u2019aassessorato al Turismo, Cultura e Sport del Comune di Loano, l\u2019Associazione Tennis Europe e la [&hellip;]<\/p>\n","protected":false},"author":13744,"featured_media":0,"comment_status":"open","ping_status":"closed","sticky":false,"template":"","format":"standard","meta":{"footnotes":""},"categories":[32],"tags":[10595,85827,3014],"class_list":["post-245043","post","type-post","status-publish","format-standard","hentry","category-sport","tag-european-summer-cup","tag-loano","tag-tennis","post_cat_citta-loano"],"amp_validity":null,"amp_enabled":true,"_links":{"self":[{"href":"https:\/\/staging.ivg.it\/ediapi\/wp\/v2\/posts\/245043","targetHints":{"allow":["GET"]}}],"collection":[{"href":"https:\/\/staging.ivg.it\/ediapi\/wp\/v2\/posts"}],"about":[{"href":"https:\/\/staging.ivg.it\/ediapi\/wp\/v2\/types\/post"}],"author":[{"embeddable":true,"href":"https:\/\/staging.ivg.it\/ediapi\/wp\/v2\/users\/13744"}],"replies":[{"embeddable":true,"href":"https:\/\/staging.ivg.it\/ediapi\/wp\/v2\/comments?post=245043"}],"version-history":[{"count":0,"href":"https:\/\/staging.ivg.it\/ediapi\/wp\/v2\/posts\/245043\/revisions"}],"wp:attachment":[{"href":"https:\/\/staging.ivg.it\/ediapi\/wp\/v2\/media?parent=245043"}],"wp:term":[{"taxonomy":"category","embeddable":true,"href":"https:\/\/staging.ivg.it\/ediapi\/wp\/v2\/categories?post=245043"},{"taxonomy":"post_tag","embeddable":true,"href":"https:\/\/staging.ivg.it\/ediapi\/wp\/v2\/tags?post=245043"}],"curies":[{"name":"wp","href":"https:\/\/api.w.org\/{rel}","templated":true}]}}