{"id":244988,"date":"2013-07-04T16:15:39","date_gmt":"2013-07-04T14:15:39","guid":{"rendered":"http:\/\/www.ivg.it\/?p=244988"},"modified":"2013-07-05T12:27:06","modified_gmt":"2013-07-05T10:27:06","slug":"albisola-tentano-furto-in-appartamento-due-romeni-arrestati-e-condannati-a-due-anni-di-reclusione","status":"publish","type":"post","link":"https:\/\/staging.ivg.it\/2013\/07\/albisola-tentano-furto-in-appartamento-due-romeni-arrestati-e-condannati-a-due-anni-di-reclusione\/","title":{"rendered":"Albisola, tentano furto in appartamento: due romeni arrestati e condannati a due anni di reclusione"},"content":{"rendered":"<p><strong>Albisola S<\/strong>. Quella finestra semiaperta al primo piano di un palazzo di piazza Dante ad Albisola Superiore \u00e8 sembrata probabilmente un&#8217;occasione ghiotta per non tentare di entrare nell&#8217;appartamento per svaligiarlo. Il piano di due romeni, Andrei Lako e Adrian Boka, che ieri sera a mezzanotte hanno tentato di mettere a segno un furto, non si \u00e8 per\u00f2 concretizzato grazie all&#8217;intervento di una pattuglia di carabinieri.<\/p>\n<p>I militari hanno notato uno dei due che saltava gi\u00f9 dal balcone e raggiungeva l&#8217;amico in mezzo alla strada per tentare la fuga. La coppia \u00e8 stata per\u00f2 immediatamente fermata dagli uomini dell&#8217;Arma: effettuate le verifiche del caso per i due \u00e8 scattato immediato l&#8217;arresto. Questa mattina Lako e Boka sono stati processati per direttissima in tribunale e giudicati con il rito abbreviato. Il pm aveva chiesto una condanna ad 8 mesi di reclusione, ma la pena inflitta dal giudice \u00e8 stata decisamente pi\u00f9 severa: due anni di reclusione e duecento euro di multa ciascuno senza sospensione condizionale. I romeni, che avevano precedenti, dovranno quindi restare in carcere.<\/p>\n","protected":false},"excerpt":{"rendered":"<p>Albisola S. Quella finestra semiaperta al primo piano di un palazzo di piazza Dante ad Albisola Superiore \u00e8 sembrata probabilmente un&#8217;occasione ghiotta per non tentare di entrare nell&#8217;appartamento per svaligiarlo. Il piano di due romeni, Andrei Lako e Adrian Boka, che ieri sera a mezzanotte hanno tentato di mettere a segno un furto, non si [&hellip;]<\/p>\n","protected":false},"author":2394,"featured_media":0,"comment_status":"open","ping_status":"closed","sticky":false,"template":"","format":"standard","meta":{"footnotes":""},"categories":[34],"tags":[432,666,963,1034],"class_list":["post-244988","post","type-post","status-publish","format-standard","hentry","category-cronaca","tag-albisola","tag-arresto","tag-condanna","tag-furto","post_cat_citta-albisola-superiore"],"amp_validity":null,"amp_enabled":true,"_links":{"self":[{"href":"https:\/\/staging.ivg.it\/ediapi\/wp\/v2\/posts\/244988","targetHints":{"allow":["GET"]}}],"collection":[{"href":"https:\/\/staging.ivg.it\/ediapi\/wp\/v2\/posts"}],"about":[{"href":"https:\/\/staging.ivg.it\/ediapi\/wp\/v2\/types\/post"}],"author":[{"embeddable":true,"href":"https:\/\/staging.ivg.it\/ediapi\/wp\/v2\/users\/2394"}],"replies":[{"embeddable":true,"href":"https:\/\/staging.ivg.it\/ediapi\/wp\/v2\/comments?post=244988"}],"version-history":[{"count":0,"href":"https:\/\/staging.ivg.it\/ediapi\/wp\/v2\/posts\/244988\/revisions"}],"wp:attachment":[{"href":"https:\/\/staging.ivg.it\/ediapi\/wp\/v2\/media?parent=244988"}],"wp:term":[{"taxonomy":"category","embeddable":true,"href":"https:\/\/staging.ivg.it\/ediapi\/wp\/v2\/categories?post=244988"},{"taxonomy":"post_tag","embeddable":true,"href":"https:\/\/staging.ivg.it\/ediapi\/wp\/v2\/tags?post=244988"}],"curies":[{"name":"wp","href":"https:\/\/api.w.org\/{rel}","templated":true}]}}