{"id":244951,"date":"2013-07-04T14:29:38","date_gmt":"2013-07-04T12:29:38","guid":{"rendered":"http:\/\/www.ivg.it\/?p=244951"},"modified":"2013-07-31T09:24:37","modified_gmt":"2013-07-31T07:24:37","slug":"calizzano-la-biblioteca-riapre-con-una-gestione-interamente-comunale","status":"publish","type":"post","link":"https:\/\/staging.ivg.it\/2013\/07\/calizzano-la-biblioteca-riapre-con-una-gestione-interamente-comunale\/","title":{"rendered":"Calizzano: la biblioteca riapre con una gestione interamente comunale"},"content":{"rendered":"<p><strong>Calizzano<\/strong>. Riapre oggi la biblioteca di Calizzano, con una gestione interamente comunale. La chiusura temporanea nel mese di giugno si \u00e8 resa necessaria a causa della scadenza della convenzione al Sistema Bibliotecario Intercomunale e della decisione dell&#8217;amministrazione di non rinnovarla ulteriormente.<\/p>\n<p>La scelta \u00e8 stata dettata da motivazioni economiche tendenti unicamente a diminuire i costi di servizio vigenti, quasi 4000 euro annui. Nella scelta \u00e8 stata valutata anche la possibilit\u00e0 di dover rinunciare alla dotazione di libri che sono di propriet\u00e0 del Sistema e degli arredi, questi ultimi ancora di propriet\u00e0 della Regione ed in attesa di essere destinati.<\/p>\n<p>In questi giorni si avr\u00e0 la risposta del commissario prefettizio regionale che dar\u00e0 quindi una collocazione definitiva al patrimonio di testi facenti parte del Sistema.<\/p>\n<p>Con la nuova gestione l&#8217;intento dell&#8217;amministrazione \u00e8 quello di istituire un servizio bibliotecario possibilmente pi\u00f9 economico, pi\u00f9 funzionale e che rimanga patrimonio culturale della comunit\u00e0 calizzanese. Per questo motivo si \u00e8 predisposto l&#8217;utilizzo di testi donati<br \/>\ndirettamente alla biblioteca locale.<\/p>\n<p>La biblioteca \u00e8 stata ampliata di una nuova sala contenente la collezione di libri donati dalla famiglia di Giuseppino Tab\u00f2, sindaco di Calizzano fino al 2001, anno della sua prematura scomparsa. A questi si aggiungono i libri raccolti nella campagna &#8220;Dona un libro&#8221; promossa dalla Pro loco nella giornata della festa patronale del 2 luglio.<\/p>\n<p>I nuovi libri inventariati sono pi\u00f9 di 1000, di cui 660 appartenenti alla donazione Tab\u00f2, e si spazia tra classici, romanzi, saggistica, monografie, letteratura per ragazzi e testi enciclopedici.<\/p>\n<p>Il servizio sar\u00e0 gestito con la collaborazione del funzionario dei servizi sociali che si occuper\u00e0 della gestione dei prestiti negli orari di apertura stabiliti: luned\u00ec dalle ore 10 alle ore 12 e gioved\u00ec dalle ore 15 alle ore 18.<\/p>\n","protected":false},"excerpt":{"rendered":"<p>Calizzano. Riapre oggi la biblioteca di Calizzano, con una gestione interamente comunale. La chiusura temporanea nel mese di giugno si \u00e8 resa necessaria a causa della scadenza della convenzione al Sistema Bibliotecario Intercomunale e della decisione dell&#8217;amministrazione di non rinnovarla ulteriormente. La scelta \u00e8 stata dettata da motivazioni economiche tendenti unicamente a diminuire i costi [&hellip;]<\/p>\n","protected":false},"author":13744,"featured_media":0,"comment_status":"open","ping_status":"closed","sticky":false,"template":"","format":"standard","meta":{"footnotes":""},"categories":[],"tags":[288,85889],"class_list":["post-244951","post","type-post","status-publish","format-standard","hentry","tag-biblioteca","tag-calizzano","post_cat_citta-calizzano"],"amp_validity":null,"amp_enabled":true,"_links":{"self":[{"href":"https:\/\/staging.ivg.it\/ediapi\/wp\/v2\/posts\/244951","targetHints":{"allow":["GET"]}}],"collection":[{"href":"https:\/\/staging.ivg.it\/ediapi\/wp\/v2\/posts"}],"about":[{"href":"https:\/\/staging.ivg.it\/ediapi\/wp\/v2\/types\/post"}],"author":[{"embeddable":true,"href":"https:\/\/staging.ivg.it\/ediapi\/wp\/v2\/users\/13744"}],"replies":[{"embeddable":true,"href":"https:\/\/staging.ivg.it\/ediapi\/wp\/v2\/comments?post=244951"}],"version-history":[{"count":0,"href":"https:\/\/staging.ivg.it\/ediapi\/wp\/v2\/posts\/244951\/revisions"}],"wp:attachment":[{"href":"https:\/\/staging.ivg.it\/ediapi\/wp\/v2\/media?parent=244951"}],"wp:term":[{"taxonomy":"category","embeddable":true,"href":"https:\/\/staging.ivg.it\/ediapi\/wp\/v2\/categories?post=244951"},{"taxonomy":"post_tag","embeddable":true,"href":"https:\/\/staging.ivg.it\/ediapi\/wp\/v2\/tags?post=244951"}],"curies":[{"name":"wp","href":"https:\/\/api.w.org\/{rel}","templated":true}]}}