{"id":244833,"date":"2013-07-03T11:23:03","date_gmt":"2013-07-03T09:23:03","guid":{"rendered":"http:\/\/www.ivg.it\/?p=244833"},"modified":"2013-07-03T18:46:09","modified_gmt":"2013-07-03T16:46:09","slug":"fughe-sanitarie-melgrati-attacca-montaldo-si-lasciano-morire-le-strutture-e-poi-ci-si-lamenta-della-mobilita-dei-pazienti","status":"publish","type":"post","link":"https:\/\/staging.ivg.it\/2013\/07\/fughe-sanitarie-melgrati-attacca-montaldo-si-lasciano-morire-le-strutture-e-poi-ci-si-lamenta-della-mobilita-dei-pazienti\/","title":{"rendered":"Fughe sanitarie, Melgrati attacca Montaldo: &#8220;Si lasciano morire le strutture e poi ci si lamenta della mobilit\u00e0 dei pazienti&#8221;"},"content":{"rendered":"<p><strong>Regione<\/strong>. Fughe sanitarie: Marco Melgrati va all&#8217;attacco dell&#8217;assessore Montaldo: &#8220;Ci sono tutti gli elementi per decretare il fallimento totale di una politica sanitaria che ha ambizioni programmatorie ma che ottiene solo clamorosi disastri. Infatti se da un lato \u00e8 assurdo operare certi tagli lineari che prevedono soppressioni di reparti, ridimensionamenti e accorpamenti che lasciano scoperti interi comprensori dall&#8217;offerta sanitaria, dall&#8217;altro appare incomprensibile dover ascoltare le lagnanze dovute ai costi che la mobilit\u00e0 sanitaria ovviamente genera&#8221;.<\/p>\n<p>Sulla vicenda delle fughe dei pazienti dalle strutture sanitarie della Liguria l\u2019esponente del Pdl continua: \u201cUn atteggiamento incomprensibile quello di lasciare interi comparti pubblici necrotizzare e agonizzare per poi urlare al lupo al lupo se i pazienti vanno fuori regione e quindi invocare il ricorso ai privati e alle convenzioni! Neppure un apprendista ragioniere avrebbe il coraggio di vantare poi chiss\u00e0 quali risparmi visto che gli stessi sono stati generati da un sotto-utilizzo delle risorse o addirittura un sistematico smantellamento delle specialit\u00e0 pubbliche\u201d.<\/p>\n<p>\u201cE\u2019 di oggi la notizia che per un intervento di necrosi sacro-coccigea il paziente \u00e8 da un anno che attende risposta e ha deciso di farsi operare a Pavia. Ho inserito anche questo caso nell\u2019interrogazione presentata. Inoltre sempre dai giornali apprendiamo \u2013 dice ancora il consigliere regionale del Pdl &#8211; che addirittura Montaldo, forte dell&#8217;esperienza della Campania (la quale pare abbia messo il blocco alla mobilit\u00e0 sanitaria fuori regione o quantomeno regole ferree) vuole istituire l&#8217;autorizzazione preventiva per potersi curare fuori regione. Cio\u00e8, da un lato l&#8217;assessore non potenzia il pubblico, anzi lo ridimensiona pesantemente, lasciando scoperte intere aree e dall&#8217;altra vorrebbe bloccare le fughe con un metodo impositivo o comunque assoggettando la mobilit\u00e0 al piacimento di un funzionario? Non si pu\u00f2 non si pu\u00f2 fare&#8221;.<\/p>\n<p>&#8220;Se l\u2019assessore alla Salute crede di imitare i napoletani si vada a leggere come \u00e8 andata a finire in Campania: il Tar ha cassato il decreto con cui la Campania intendeva inibire la possibilit\u00e0 di mobilit\u00e0 sanitaria dei pazienti assoggettandolo ad un nulla osta o autorizzazione proprio come Burlando e Montaldo pare abbiano intenzione di fare. Il diritto alla salute per il cittadino e la facolt\u00e0 di farsi curare dove vuole sono insopprimibili in quanto disciplinati dagli articoli 13 e 32 della costituzione e dall&#8217;articolo 117&#8221; prosegue Melgrati.<\/p>\n<p>\u201cPossiamo definire questa una buona politica sanitaria? Ad esempio a quanto ammontano i famosi e decantati &#8216;risparmi&#8217; che avrebbero prodotto le soppressioni dei reparti di Ortopedia, Chirurgia dell&#8217;ospedale di Albenga, i pesanti ridimensionamenti con la soppressione delle degenze di otorino-laringoiatria e oculistica del Pronto soccorso trasformato in Punto di Primo Intervento dell&#8217;Ospedale di Albenga? E soprattutto Montaldo \u00e8 in grado di dimostrare i risparmi decantati e sbandierati con un impressionante operazione mediatica dall&#8217;ortopedia privata? Ha senso parlare di risparmi se questi sono stati ottenuti con il ridimensionamento del pubblico NON sfruttando l&#8217;opportunit\u00e0 di potenziarlo PRIMA di ricorrere alle convenzioni i cui costi generano ovviamente sospetto laddove si vadano a sbandierare ipotetici &#8216;risparmi&#8217;? Ho fatto gi\u00e0 in passato l&#8217;esempio della famiglia in crisi economica che nonostante possegga una lavatrice casalinga si ostina a voler portare in lavanderia i panni sporchi&#8230;! A me non pare proprio una buona programmazione sanitaria mentre invece ha tutta l&#8217;aria di essere una navigazione &#8216;a vista&#8217; la quale se toccasse soltanto l&#8217;interessato ci potrebbe stare ma visto che incide pesantemente sui diritti fondamentali costituzionali dei liguri, a questo punto desta qualche preoccupazione\u201d conclude Marco Melgrati.<\/p>\n","protected":false},"excerpt":{"rendered":"<p>Regione. Fughe sanitarie: Marco Melgrati va all&#8217;attacco dell&#8217;assessore Montaldo: &#8220;Ci sono tutti gli elementi per decretare il fallimento totale di una politica sanitaria che ha ambizioni programmatorie ma che ottiene solo clamorosi disastri. Infatti se da un lato \u00e8 assurdo operare certi tagli lineari che prevedono soppressioni di reparti, ridimensionamenti e accorpamenti che lasciano scoperti [&hellip;]<\/p>\n","protected":false},"author":13744,"featured_media":0,"comment_status":"open","ping_status":"closed","sticky":false,"template":"","format":"standard","meta":{"footnotes":""},"categories":[31],"tags":[47293,1975,874,295,111],"class_list":["post-244833","post","type-post","status-publish","format-standard","hentry","category-politica","tag-fughe-sanitarie","tag-melgrati","tag-montaldo","tag-regione","tag-sanita","post_cat_citta-andora"],"amp_validity":null,"amp_enabled":true,"_links":{"self":[{"href":"https:\/\/staging.ivg.it\/ediapi\/wp\/v2\/posts\/244833","targetHints":{"allow":["GET"]}}],"collection":[{"href":"https:\/\/staging.ivg.it\/ediapi\/wp\/v2\/posts"}],"about":[{"href":"https:\/\/staging.ivg.it\/ediapi\/wp\/v2\/types\/post"}],"author":[{"embeddable":true,"href":"https:\/\/staging.ivg.it\/ediapi\/wp\/v2\/users\/13744"}],"replies":[{"embeddable":true,"href":"https:\/\/staging.ivg.it\/ediapi\/wp\/v2\/comments?post=244833"}],"version-history":[{"count":0,"href":"https:\/\/staging.ivg.it\/ediapi\/wp\/v2\/posts\/244833\/revisions"}],"wp:attachment":[{"href":"https:\/\/staging.ivg.it\/ediapi\/wp\/v2\/media?parent=244833"}],"wp:term":[{"taxonomy":"category","embeddable":true,"href":"https:\/\/staging.ivg.it\/ediapi\/wp\/v2\/categories?post=244833"},{"taxonomy":"post_tag","embeddable":true,"href":"https:\/\/staging.ivg.it\/ediapi\/wp\/v2\/tags?post=244833"}],"curies":[{"name":"wp","href":"https:\/\/api.w.org\/{rel}","templated":true}]}}