{"id":244417,"date":"2013-06-27T11:28:03","date_gmt":"2013-06-27T09:28:03","guid":{"rendered":"http:\/\/www.ivg.it\/?p=244417"},"modified":"2013-06-27T11:28:03","modified_gmt":"2013-06-27T09:28:03","slug":"lni-di-spotorno-una-mattinata-in-barca-a-vela-aperta-a-tutti-i-disabili-2","status":"publish","type":"post","link":"https:\/\/staging.ivg.it\/2013\/06\/lni-di-spotorno-una-mattinata-in-barca-a-vela-aperta-a-tutti-i-disabili-2\/","title":{"rendered":"LNI di Spotorno, una mattinata in barca a vela aperta a tutti i disabili"},"content":{"rendered":"<p><strong>Spotorno<\/strong>. Sabato 29 e domenica 30 giugno la L.N.I. Spotorno organizza la seconda edizione di &#8220;Ce la faccio!! Sono pi\u00f9 forte io&#8221;. La manifestazione, aperta a persone con disabilit\u00e0, motorie o di altro genere, \u00e8 inserita nel progetto &#8220;Il mare per tutti&#8221;.<\/p>\n<p>Presso il molo Sant&#8217;Antonio, nelle acque antistanti la sede della delegazione della Lega Navale Italiana, dalle ore 10,30, condizioni meteo permettendo, si svolger\u00e0 una dimostrazione su un&#8217;imbarcazione Access 303, con la prova in mare.<\/p>\n<p>Per informazioni \u00e8 possibile scrivere a <a href=\"mailto:lnispotorno@libero.it\">lnispotorno@libero.it<\/a> o telefonare allo 019747196 o al 3479313610. L&#8217;iniziativa \u00e8 gratuita.<\/p>\n<p>Il progetto &#8220;Il mare per tutti&#8221; ha come obiettivo la fruizione del mare anche da parte di persone con disabilit\u00e0, attraverso la pratica di attivit\u00e0 nautiche.<\/p>\n","protected":false},"excerpt":{"rendered":"<p>Spotorno. Sabato 29 e domenica 30 giugno la L.N.I. Spotorno organizza la seconda edizione di &#8220;Ce la faccio!! Sono pi\u00f9 forte io&#8221;. La manifestazione, aperta a persone con disabilit\u00e0, motorie o di altro genere, \u00e8 inserita nel progetto &#8220;Il mare per tutti&#8221;. Presso il molo Sant&#8217;Antonio, nelle acque antistanti la sede della delegazione della Lega [&hellip;]<\/p>\n","protected":false},"author":13744,"featured_media":0,"comment_status":"open","ping_status":"closed","sticky":false,"template":"","format":"standard","meta":{"footnotes":""},"categories":[32],"tags":[732,85863,429],"class_list":["post-244417","post","type-post","status-publish","format-standard","hentry","category-sport","tag-disabili","tag-spotorno","tag-vela","post_cat_citta-spotorno"],"amp_validity":null,"amp_enabled":true,"_links":{"self":[{"href":"https:\/\/staging.ivg.it\/ediapi\/wp\/v2\/posts\/244417","targetHints":{"allow":["GET"]}}],"collection":[{"href":"https:\/\/staging.ivg.it\/ediapi\/wp\/v2\/posts"}],"about":[{"href":"https:\/\/staging.ivg.it\/ediapi\/wp\/v2\/types\/post"}],"author":[{"embeddable":true,"href":"https:\/\/staging.ivg.it\/ediapi\/wp\/v2\/users\/13744"}],"replies":[{"embeddable":true,"href":"https:\/\/staging.ivg.it\/ediapi\/wp\/v2\/comments?post=244417"}],"version-history":[{"count":0,"href":"https:\/\/staging.ivg.it\/ediapi\/wp\/v2\/posts\/244417\/revisions"}],"wp:attachment":[{"href":"https:\/\/staging.ivg.it\/ediapi\/wp\/v2\/media?parent=244417"}],"wp:term":[{"taxonomy":"category","embeddable":true,"href":"https:\/\/staging.ivg.it\/ediapi\/wp\/v2\/categories?post=244417"},{"taxonomy":"post_tag","embeddable":true,"href":"https:\/\/staging.ivg.it\/ediapi\/wp\/v2\/tags?post=244417"}],"curies":[{"name":"wp","href":"https:\/\/api.w.org\/{rel}","templated":true}]}}