{"id":244416,"date":"2013-06-27T11:28:58","date_gmt":"2013-06-27T09:28:58","guid":{"rendered":"http:\/\/www.ivg.it\/?p=244416"},"modified":"2013-06-27T11:28:58","modified_gmt":"2013-06-27T09:28:58","slug":"albisola-nel-weekend-apre-la-spiaggia-libera-attrezzata-entro-una-settimana-i-lavori-saranno-finiti","status":"publish","type":"post","link":"https:\/\/staging.ivg.it\/2013\/06\/albisola-nel-weekend-apre-la-spiaggia-libera-attrezzata-entro-una-settimana-i-lavori-saranno-finiti\/","title":{"rendered":"Albisola, nel weekend apre la spiaggia libera attrezzata: &#8220;Entro una settimana i lavori saranno finiti&#8221;"},"content":{"rendered":"<p><strong>Albisola S.<\/strong> Spiaggia libera attrezzata di Albisola aperta da questo weekend. La notizia arriva direttamente dalla pagina Facebook del sindaco Franco Orsi che spiega: &#8220;Ultimo aggiornamento (il prossimo sar\u00e0 per l&#8217;inaugurazione ufficiale): questo fine settimana la libera attrezzata aprir\u00e0. In realt\u00e0 il lavoro non \u00e8 completamente finito: manca la recinzione lato spiaggia e l&#8217;ampia gradinata in legno che deve collegare la piattaforma alla spiaggia&#8221;.<\/p>\n<p>&#8220;La recinzione che vedete \u00e8 quindi provvisoria e il passaggio nel week-end sar\u00e0 garantito dalle &#8216;scale&#8217; dei gradoni (lato sinistra guardando il mare). Gli ultimi pezzi saranno montati nella settimana prossima quando apertura spiaggia e un pezzetto del cantiere coesisteranno. Si pensa di avere il lavoro totalmente finito tra gioved\u00ed e venerd\u00ed prossimo: Vi inviteremo per quei giorni all&#8217;inaugurazione finale e definitiva&#8221; conclude Orsi.<\/p>\n","protected":false},"excerpt":{"rendered":"<p>Albisola S. Spiaggia libera attrezzata di Albisola aperta da questo weekend. La notizia arriva direttamente dalla pagina Facebook del sindaco Franco Orsi che spiega: &#8220;Ultimo aggiornamento (il prossimo sar\u00e0 per l&#8217;inaugurazione ufficiale): questo fine settimana la libera attrezzata aprir\u00e0. In realt\u00e0 il lavoro non \u00e8 completamente finito: manca la recinzione lato spiaggia e l&#8217;ampia gradinata [&hellip;]<\/p>\n","protected":false},"author":13744,"featured_media":0,"comment_status":"open","ping_status":"closed","sticky":false,"template":"","format":"standard","meta":{"footnotes":""},"categories":[],"tags":[432],"class_list":["post-244416","post","type-post","status-publish","format-standard","hentry","tag-albisola","post_cat_citta-albisola-superiore"],"amp_validity":null,"amp_enabled":true,"_links":{"self":[{"href":"https:\/\/staging.ivg.it\/ediapi\/wp\/v2\/posts\/244416","targetHints":{"allow":["GET"]}}],"collection":[{"href":"https:\/\/staging.ivg.it\/ediapi\/wp\/v2\/posts"}],"about":[{"href":"https:\/\/staging.ivg.it\/ediapi\/wp\/v2\/types\/post"}],"author":[{"embeddable":true,"href":"https:\/\/staging.ivg.it\/ediapi\/wp\/v2\/users\/13744"}],"replies":[{"embeddable":true,"href":"https:\/\/staging.ivg.it\/ediapi\/wp\/v2\/comments?post=244416"}],"version-history":[{"count":0,"href":"https:\/\/staging.ivg.it\/ediapi\/wp\/v2\/posts\/244416\/revisions"}],"wp:attachment":[{"href":"https:\/\/staging.ivg.it\/ediapi\/wp\/v2\/media?parent=244416"}],"wp:term":[{"taxonomy":"category","embeddable":true,"href":"https:\/\/staging.ivg.it\/ediapi\/wp\/v2\/categories?post=244416"},{"taxonomy":"post_tag","embeddable":true,"href":"https:\/\/staging.ivg.it\/ediapi\/wp\/v2\/tags?post=244416"}],"curies":[{"name":"wp","href":"https:\/\/api.w.org\/{rel}","templated":true}]}}