{"id":244264,"date":"2013-06-25T17:24:09","date_gmt":"2013-06-25T15:24:09","guid":{"rendered":"http:\/\/www.ivg.it\/?p=244264"},"modified":"2015-11-10T21:33:47","modified_gmt":"2015-11-10T20:33:47","slug":"parla-la-maestra-di-noli-accusata-di-maltrattamenti-agli-alunni-mai-colpiti-i-bambini-quando-mi-vedono-mi-abbracciano-ancora","status":"publish","type":"post","link":"https:\/\/staging.ivg.it\/2013\/06\/parla-la-maestra-di-noli-accusata-di-maltrattamenti-agli-alunni-mai-colpiti-i-bambini-quando-mi-vedono-mi-abbracciano-ancora\/","title":{"rendered":"Parla la maestra di Noli accusata di maltrattamenti: &#8220;Mai colpiti i bambini, quando mi vedono mi abbracciano ancora&#8221;"},"content":{"rendered":"<p><strong>Noli<\/strong>. &#8220;Calci e ginocchiate? Assolutamente no. Non \u00e8 mai successo che li tirassi sono gesti che possono fare male ai bambini. Sono 25 anni che insegno all&#8217;asilo e non ho mai avuto procedimenti disciplinari a parte questo che mi vede qui oggi&#8221;. Sono alcune delle parole pronunciate dalla maestra di Noli, Rosemma Testa, a giudizio con l&#8217;accusa di maltrattamenti verso i suoi piccoli alunni. Stamattina in tribunale \u00e8 toccato a lei prendere la parola per rispondere alle domande del suo difensore, l&#8217;avvocato Dominique Bonagura, del pubblico ministero e del giudice. <\/p>\n<p>Per tutta la durata dell&#8217;esame l&#8217;imputata ha respinto le accuse secondo cui (come denunciato da tre mamme che si erano rivolte ai carabinieri) avrebbe avuto dei comportamenti poco ortodossi e atteggiamenti autoritari verso gli alunni dell&#8217;Istituto dove insegnava, il &#8220;Defferrari&#8221; di Noli. La donna si \u00e8 soffermata su tutti gli episodi che le venivano contestati (tutti risalenti al periodo tra il 2007 e il 2010), alcuni dei quali ripresi con delle micro camere installate dai carabinieri nella scuola. In particolare la maestra Testa ha fatto riferimento al giorno in cui, secondo la Procura, aveva afferrato i capelli di un bimbo trascinandolo per la testa: &#8220;Ricordo bene quell&#8217;episodio perch\u00e9 mi ha colpito e avevo anche telefonato ai genitori per parlargliene. Ho appoggiato la mano tra i capelli del bimbo per accompagnarlo in castigo, ma non l&#8217;ho tirato enon \u00e8 stato un gesto violento. Ho dovuto reagire cos\u00ec perch\u00e9 stava facendo male agli altri bambini. Per la sua et\u00e0 era un bimbo pi\u00f9 grande degli altri e certe volte usava le mani per farsi valere. Quando l&#8217;ho accompaganto lui poi non ha pianto ed \u00e8 rimasto in castigo qualche minuto, ma la questione si \u00e8 chiusa l\u00ec&#8221;. <\/p>\n<p>Rosemma Testa si \u00e8 anche soffermato sul momento dei pasti durante il quale, sempre secondo l&#8217;accusa, la maestra costringeva i piccoli alunni a mangiare con la forza: &#8220;Non \u00e8 mai successo. Venivano invogliati a mangiare assaggiando il cibo. Quando non lo buttavano gi\u00f9 a volte li portavamo in cucina dove c&#8217;era una finestra sul giardino e si vedevano i gatti: distraendosi alla fine deglutivano. Quando tornavano dagli altri bimbi a volte invitavamo i compagni a fare un applauso perch\u00e9 avevano buttato gi\u00f9 il pasto&#8221;. Sulle urla contro i bimbi l&#8217;imputata ha precisato: &#8220;Di mio ho un tono di voce molto alto. Non ho mai uralto, ma certamente qualche volta ho dovuto alzare la voce per farmi sentire dai bambini&#8221;.<\/p>\n<p>Il difensore della maestra ha anche sottolineato come i rapporti della sua assistita con gli alunni fossero buoni anche fuori dall&#8217;ambiente scolastico. Circostanza confermata dall&#8217;imputata: &#8220;Se mi incontravano per strada mi abbracciavano e nell&#8217;ultimo periodo ho ricevuto tanti disegni a casa dai miei ex alunni&#8221;. Dopo di lei in aula hanno deposto una ex collega e alcuni genitori dei bimbi che frequentavano l&#8217;asilo. Tutti i testimoni hanno negato di aver mai percepito che ci fossero atteggiamenti violenti da parte della maestra ed hanno confermato di avere massima fiducia in lei. L&#8217;avvocato Bonagura ha anche ricordato di una visita organizzata dalla maestra nella caserma dei carabinieri: &#8220;Un gesto che dimostra l&#8217;assoluta buona fede della mia assistita. Li ha portati l\u00ec con il rischio che eventuali disagi venissero rilevato dai militari. Ma questo dimostra che lei non aveva nulla da nascondere&#8221;. Al termine delle audizioni il processo \u00e8 stato rinviato al prossimo 10 ottobre quando saranno sentiti gli ultimi tre testimoni della difesa.<\/p>\n","protected":false},"excerpt":{"rendered":"<p>Noli. &#8220;Calci e ginocchiate? Assolutamente no. Non \u00e8 mai successo che li tirassi sono gesti che possono fare male ai bambini. Sono 25 anni che insegno all&#8217;asilo e non ho mai avuto procedimenti disciplinari a parte questo che mi vede qui oggi&#8221;. Sono alcune delle parole pronunciate dalla maestra di Noli, Rosemma Testa, a giudizio [&hellip;]<\/p>\n","protected":false},"author":2394,"featured_media":0,"comment_status":"open","ping_status":"closed","sticky":false,"template":"","format":"standard","meta":{"footnotes":""},"categories":[34],"tags":[2641],"class_list":["post-244264","post","type-post","status-publish","format-standard","hentry","category-cronaca","tag-maltrattamenti","post_cat_citta-noli","post_tag_personaggi-rosemma-testa"],"amp_validity":null,"amp_enabled":true,"_links":{"self":[{"href":"https:\/\/staging.ivg.it\/ediapi\/wp\/v2\/posts\/244264","targetHints":{"allow":["GET"]}}],"collection":[{"href":"https:\/\/staging.ivg.it\/ediapi\/wp\/v2\/posts"}],"about":[{"href":"https:\/\/staging.ivg.it\/ediapi\/wp\/v2\/types\/post"}],"author":[{"embeddable":true,"href":"https:\/\/staging.ivg.it\/ediapi\/wp\/v2\/users\/2394"}],"replies":[{"embeddable":true,"href":"https:\/\/staging.ivg.it\/ediapi\/wp\/v2\/comments?post=244264"}],"version-history":[{"count":0,"href":"https:\/\/staging.ivg.it\/ediapi\/wp\/v2\/posts\/244264\/revisions"}],"wp:attachment":[{"href":"https:\/\/staging.ivg.it\/ediapi\/wp\/v2\/media?parent=244264"}],"wp:term":[{"taxonomy":"category","embeddable":true,"href":"https:\/\/staging.ivg.it\/ediapi\/wp\/v2\/categories?post=244264"},{"taxonomy":"post_tag","embeddable":true,"href":"https:\/\/staging.ivg.it\/ediapi\/wp\/v2\/tags?post=244264"}],"curies":[{"name":"wp","href":"https:\/\/api.w.org\/{rel}","templated":true}]}}