{"id":244078,"date":"2013-06-22T14:52:01","date_gmt":"2013-06-22T12:52:01","guid":{"rendered":"http:\/\/www.ivg.it\/?p=244078"},"modified":"2013-06-23T08:57:09","modified_gmt":"2013-06-23T06:57:09","slug":"meteo-variabile-nel-weekend-tra-sole-e-qualche-nuvola","status":"publish","type":"post","link":"https:\/\/staging.ivg.it\/2013\/06\/meteo-variabile-nel-weekend-tra-sole-e-qualche-nuvola\/","title":{"rendered":"Meteo variabile nel weekend, tra sole e qualche nuvola"},"content":{"rendered":"<p><strong>Liguria.<\/strong> Il sole va e viene e questo di sabato 21 e domenica 22 giugno sar\u00e0 un weekend di tempo variabile, con umidit\u00e0, caldo ma anche quale nuvola. Nel fine settimana, la Liguria sar\u00e0 interessata da aria umida, spiegano i meteorologi di Limet, che determiner\u00e0 qualche addensamento raramente associato a piogge. Possibile peggioramento tra domenica sera e luned\u00ec mattina per il transito di una linea temporalesca.<\/p>\n<p>Mattinata con prevalenza di nuvole soprattutto sul centro-Levante dove non mancheranno deboli piogge, conferma Arpal. Per il miglioramento bisogner\u00e0 aspettare il pomeriggio con ampie schiarite sulle coste e nuovo aumento della copertura nuvolosa la sera.<\/p>\n<p>Domani previste nubi diffuse, pi\u00f9 consistenti sul centro-Levante dove non mancheranno isolate, deboli piogge; nel corso delle ore le nubi si apriranno lasciando spazio a brevi schiarite sulle coste. Aumento dell\u2019instabilit\u00e0 nel pomeriggio con probabili rovesci o temporali.<\/p>\n","protected":false},"excerpt":{"rendered":"<p>Liguria. Il sole va e viene e questo di sabato 21 e domenica 22 giugno sar\u00e0 un weekend di tempo variabile, con umidit\u00e0, caldo ma anche quale nuvola. Nel fine settimana, la Liguria sar\u00e0 interessata da aria umida, spiegano i meteorologi di Limet, che determiner\u00e0 qualche addensamento raramente associato a piogge. Possibile peggioramento tra domenica [&hellip;]<\/p>\n","protected":false},"author":13744,"featured_media":0,"comment_status":"open","ping_status":"closed","sticky":false,"template":"","format":"standard","meta":{"footnotes":""},"categories":[],"tags":[7589,393,652,30178,9874],"class_list":["post-244078","post","type-post","status-publish","format-standard","hentry","tag-cielo","tag-liguria","tag-meteo","tag-nuvole","tag-sole","post_cat_citta-andora"],"amp_validity":null,"amp_enabled":true,"_links":{"self":[{"href":"https:\/\/staging.ivg.it\/ediapi\/wp\/v2\/posts\/244078","targetHints":{"allow":["GET"]}}],"collection":[{"href":"https:\/\/staging.ivg.it\/ediapi\/wp\/v2\/posts"}],"about":[{"href":"https:\/\/staging.ivg.it\/ediapi\/wp\/v2\/types\/post"}],"author":[{"embeddable":true,"href":"https:\/\/staging.ivg.it\/ediapi\/wp\/v2\/users\/13744"}],"replies":[{"embeddable":true,"href":"https:\/\/staging.ivg.it\/ediapi\/wp\/v2\/comments?post=244078"}],"version-history":[{"count":0,"href":"https:\/\/staging.ivg.it\/ediapi\/wp\/v2\/posts\/244078\/revisions"}],"wp:attachment":[{"href":"https:\/\/staging.ivg.it\/ediapi\/wp\/v2\/media?parent=244078"}],"wp:term":[{"taxonomy":"category","embeddable":true,"href":"https:\/\/staging.ivg.it\/ediapi\/wp\/v2\/categories?post=244078"},{"taxonomy":"post_tag","embeddable":true,"href":"https:\/\/staging.ivg.it\/ediapi\/wp\/v2\/tags?post=244078"}],"curies":[{"name":"wp","href":"https:\/\/api.w.org\/{rel}","templated":true}]}}