{"id":243787,"date":"2013-06-19T11:51:36","date_gmt":"2013-06-19T09:51:36","guid":{"rendered":"http:\/\/www.ivg.it\/?p=243787"},"modified":"2013-06-20T08:46:17","modified_gmt":"2013-06-20T06:46:17","slug":"ponte-sul-pora-collaudo-positivo-il-sindaco-fine-lavori-in-tempi-rapidissimi-forse-entro-luglio","status":"publish","type":"post","link":"https:\/\/staging.ivg.it\/2013\/06\/ponte-sul-pora-collaudo-positivo-il-sindaco-fine-lavori-in-tempi-rapidissimi-forse-entro-luglio\/","title":{"rendered":"Ponte sul Pora, collaudo positivo. Il sindaco: &#8220;Fine lavori in tempi rapidissimi, forse entro la fine di luglio&#8221;"},"content":{"rendered":"<p><strong>Finale Ligure<\/strong>. Sopralluogo del sindaco finalese per il collaudo del nuovo ponte sul Pora. Le prove con diverse tonnellate hanno dato esito positivo, cos\u00ec come anche i test di flessione. Si va verso la conclusione dell&#8217;intervento urbanistico, in tempi record.<\/p>\n<p>Spiega il primo cittadino Flaminio Richeri: &#8220;Il termine dei lavori \u00e8 previsto per la fine di settembre ma i tecnici sono ottimisti per una conclusione a fine luglio. E&#8217; stata un&#8217;opera di riqualificazione importantissima per tutta l&#8217;area, perch\u00e9 anche la zona cimiteriale ha un nuova accesso e parcheggio. E&#8217; un&#8217;opera epocale. Ringrazio la Regione e la Provincia, che hanno supportato il progetto, e l&#8217;assessore ai lavori pubblici Ferrari che ha messo anima e cuore in questa operazione, perch\u00e9 sia completata rapidamente. Gli stessi certificatori del Rina ci hanno fatto i complimenti per la velocit\u00e0 con cui \u00e8 stata portata avanti quest&#8217;opera&#8221;.<\/p>\n<p>Finanziato grazie ai Fondi Fas della Regione e da contributi di Provincia e Comune, il ponte \u00e8 quasi pronto per risolvere i problemi di viabilit\u00e0, in particolare tra la strada del Melogno e la via per la frazione di Calice, ma anche anche per la stessa Finalborgo.<\/p>\n<p>&#8220;Questa zona \u00e8 appesantita dal passaggio dei camion che accedono all&#8217;area artigianale. Indubbiamente il borgo ne giover\u00e0 molto, perch\u00e9 la gran massa di traffico che va e viene da Calice e Rialto non passer\u00e0 pi\u00f9 da Porta Testa&#8221; conclude il sindaco Richeri.<\/p>\n","protected":false},"excerpt":{"rendered":"<p>Finale Ligure. Sopralluogo del sindaco finalese per il collaudo del nuovo ponte sul Pora. Le prove con diverse tonnellate hanno dato esito positivo, cos\u00ec come anche i test di flessione. Si va verso la conclusione dell&#8217;intervento urbanistico, in tempi record. Spiega il primo cittadino Flaminio Richeri: &#8220;Il termine dei lavori \u00e8 previsto per la fine [&hellip;]<\/p>\n","protected":false},"author":13744,"featured_media":0,"comment_status":"open","ping_status":"closed","sticky":false,"template":"","format":"standard","meta":{"footnotes":""},"categories":[31],"tags":[209,3924,2836,10255,108],"class_list":["post-243787","post","type-post","status-publish","format-standard","hentry","category-politica","tag-finale","tag-flaminio-richeri","tag-ponte","tag-pora","tag-viabilita","post_cat_citta-finale-ligure"],"amp_validity":null,"amp_enabled":true,"_links":{"self":[{"href":"https:\/\/staging.ivg.it\/ediapi\/wp\/v2\/posts\/243787","targetHints":{"allow":["GET"]}}],"collection":[{"href":"https:\/\/staging.ivg.it\/ediapi\/wp\/v2\/posts"}],"about":[{"href":"https:\/\/staging.ivg.it\/ediapi\/wp\/v2\/types\/post"}],"author":[{"embeddable":true,"href":"https:\/\/staging.ivg.it\/ediapi\/wp\/v2\/users\/13744"}],"replies":[{"embeddable":true,"href":"https:\/\/staging.ivg.it\/ediapi\/wp\/v2\/comments?post=243787"}],"version-history":[{"count":0,"href":"https:\/\/staging.ivg.it\/ediapi\/wp\/v2\/posts\/243787\/revisions"}],"wp:attachment":[{"href":"https:\/\/staging.ivg.it\/ediapi\/wp\/v2\/media?parent=243787"}],"wp:term":[{"taxonomy":"category","embeddable":true,"href":"https:\/\/staging.ivg.it\/ediapi\/wp\/v2\/categories?post=243787"},{"taxonomy":"post_tag","embeddable":true,"href":"https:\/\/staging.ivg.it\/ediapi\/wp\/v2\/tags?post=243787"}],"curies":[{"name":"wp","href":"https:\/\/api.w.org\/{rel}","templated":true}]}}