{"id":243785,"date":"2013-06-19T11:26:00","date_gmt":"2013-06-19T09:26:00","guid":{"rendered":"http:\/\/www.ivg.it\/?p=243785"},"modified":"2013-06-19T16:06:50","modified_gmt":"2013-06-19T14:06:50","slug":"crisi-nel-savonese-25-dei-residenti-a-rischio-poverta-28-mila-i-disoccupati-cgil-scomparsi-interi-settori-della-nostra-economia","status":"publish","type":"post","link":"https:\/\/staging.ivg.it\/2013\/06\/crisi-nel-savonese-25-dei-residenti-a-rischio-poverta-28-mila-i-disoccupati-cgil-scomparsi-interi-settori-della-nostra-economia\/","title":{"rendered":"Crisi nel Savonese, 25% dei residenti a rischio povert\u00e0, 28 mila i disoccupati. Cgil: &#8220;Scomparsi interi settori della nostra economia&#8221;"},"content":{"rendered":"<p><strong>Savona.<\/strong> A guardare i dati, c&#8217;\u00e8 da dare i numeri. E&#8217; un po&#8217;, forse, sarebbe meglio rimanere tra le nuvole invece di precipitare in percentuali impietose che danno il senso di una crisi tangibile, in particolare nella nostra provincia.<\/p>\n<p>A tracciare un quadro desolante \u00e8 Bruno Spagnoletti, responsabile dell&#8217;ufficio economico della Cgil: &#8220;E&#8217; andata molto male in questi 4 anni, con un ciclo economico negativo superiore rispetto alla media ligure di oltre due punti. Nel 2012 la decrescita si \u00e8 consolidata all&#8217;8,7%, e nel 2013 raggiungeremo quota -10%. Per cui, a coloro che sognano la decrescita felice bisogna dire di guardarsi davanti e dire che in realt\u00e0 esiste solo una decrescita infelice. Con una piccola eccezione per una piccola parte di industria manufatturiera per ci\u00f2 che concerne l&#8217;export, mentre \u00e8 in crisi la manufatturiera che lavora sul mercato interno; in crisi l&#8217;edilizia, mentre tiene l&#8217;agricoltura&#8221;. <\/p>\n<p>&#8220;I redditi sono scesi del 3% &#8211; continua Spagnoletti &#8211; quasi il 25% dei residenti \u00e8 a rischio povert\u00e0 o \u00e8 gi\u00e0 indigente per cui aumentano le ingiustizie sociali e crescono i disoccupati. I disoccupati attivi censiti dall&#8217;Istat in provincia di Savona sono oltre ottomila e la disoccupazione tocca una percentuale di oltre il 7%. Se a questi aggiungiamo i giovani scoraggiati che non cerfcano lavoro e i cassaintegrati la disoccupazione sale a 28 mila unit\u00e0, con un tasso di disoccupazione che va oltre il 20%. E&#8217; drammatico&#8221;. <\/p>\n<p>Aggiunge Francesco Rossello, segretario della Cgil Savona: &#8220;I dati sono drammatici perch\u00e9 la crisi \u00e8 diventata strutturale, quindi i posti di lavoro persi non saranno recuperati; idem per le attivit\u00e0 produttive e tutta la filiera economica. Ci sono settori dell&#8217;economia savonese scomparsi e che non torneranno pi\u00f9 come prima. Il problema \u00e8 immaginare nuove possibilit\u00e0 di sviluppo. Sui progetti in essere sono in discussione Tirreno Power, Piaggio, la piattaforma Maersk per fortuna va avanti nonostante i dibattiti in corso che ignorano che esiste gi\u00e0 un&#8217;area pari a 3-4 campi da calcio. Il problema \u00e8 fare sistema e riprendere il treno della crescita&#8221;. <\/p>\n<p>&#8220;Vi sono aziende che stanno un pochino meno male: parlo della filiera del vetro, una piccola parte delle imprese manufatturiere, c&#8217;\u00e8 il tema della produzione di energia: in Italia 4 impianti sono stati fermati, c&#8217;\u00e8 un piano di esuberi che riguarda Tirreno POwer e questo perch\u00e8 c&#8217;\u00e8 meno produzione dal momento che, a causa della crisi, chiudono le aziende e vi \u00e8 meno richiesta di energia&#8221; conclude Rossello.<\/p>\n","protected":false},"excerpt":{"rendered":"<p>Savona. A guardare i dati, c&#8217;\u00e8 da dare i numeri. E&#8217; un po&#8217;, forse, sarebbe meglio rimanere tra le nuvole invece di precipitare in percentuali impietose che danno il senso di una crisi tangibile, in particolare nella nostra provincia. A tracciare un quadro desolante \u00e8 Bruno Spagnoletti, responsabile dell&#8217;ufficio economico della Cgil: &#8220;E&#8217; andata molto [&hellip;]<\/p>\n","protected":false},"author":13744,"featured_media":0,"comment_status":"open","ping_status":"closed","sticky":false,"template":"","format":"standard","meta":{"footnotes":""},"categories":[35],"tags":[8874,507,595,4574,85850],"class_list":["post-243785","post","type-post","status-publish","format-standard","hentry","category-economia","tag-bruno-spagnoletti","tag-cgil","tag-crisi","tag-francesco-rossello","tag-savona","post_cat_citta-savona"],"amp_validity":null,"amp_enabled":true,"_links":{"self":[{"href":"https:\/\/staging.ivg.it\/ediapi\/wp\/v2\/posts\/243785","targetHints":{"allow":["GET"]}}],"collection":[{"href":"https:\/\/staging.ivg.it\/ediapi\/wp\/v2\/posts"}],"about":[{"href":"https:\/\/staging.ivg.it\/ediapi\/wp\/v2\/types\/post"}],"author":[{"embeddable":true,"href":"https:\/\/staging.ivg.it\/ediapi\/wp\/v2\/users\/13744"}],"replies":[{"embeddable":true,"href":"https:\/\/staging.ivg.it\/ediapi\/wp\/v2\/comments?post=243785"}],"version-history":[{"count":0,"href":"https:\/\/staging.ivg.it\/ediapi\/wp\/v2\/posts\/243785\/revisions"}],"wp:attachment":[{"href":"https:\/\/staging.ivg.it\/ediapi\/wp\/v2\/media?parent=243785"}],"wp:term":[{"taxonomy":"category","embeddable":true,"href":"https:\/\/staging.ivg.it\/ediapi\/wp\/v2\/categories?post=243785"},{"taxonomy":"post_tag","embeddable":true,"href":"https:\/\/staging.ivg.it\/ediapi\/wp\/v2\/tags?post=243785"}],"curies":[{"name":"wp","href":"https:\/\/api.w.org\/{rel}","templated":true}]}}