{"id":243649,"date":"2013-06-17T14:12:38","date_gmt":"2013-06-17T12:12:38","guid":{"rendered":"http:\/\/www.ivg.it\/?p=243649"},"modified":"2013-06-17T14:12:38","modified_gmt":"2013-06-17T12:12:38","slug":"il-cardinale-nigeriano-onaiyekan-in-visita-a-savona","status":"publish","type":"post","link":"https:\/\/staging.ivg.it\/2013\/06\/il-cardinale-nigeriano-onaiyekan-in-visita-a-savona\/","title":{"rendered":"Il cardinale nigeriano Onaiyekan in visita a Savona"},"content":{"rendered":"<p><strong>Savona<\/strong>. Il cardinale nigeriano Olorunfemi Onaiyekan (in inglese il suo nome di battesimo \u00e8 John), in visita a Savona dal 21 al 23 giugno. Non \u00e8 un passaggio casuale: il Cardinale \u00e8 infatti legato alla citt\u00e0 e alla diocesi da antichi vincoli di fraterna amicizia e ricevette il diaconato nella Cattedrale dell\u2019Assunta il 6 gennaio 1969 dall\u2019allora vescovo G..B. Parodi.<\/p>\n<p>Fra i vari e fitti appuntamenti di questo fine settimana savonese: venerd\u00ec prossimo, 21 giugno, alle 21 presso la Basilica del Santuario di N.S. di Misericordia, ci sar\u00e0 un incontro di preghiera e la Santa Messa celebrata da Onaiyekan. Sar\u00e0 una occasione per ascoltare la sua testimonianza di fede come uomo di Dio, vicino a Papa Francesco.<\/p>\n<p>Sabato 22 giugno, in mattinata, il cardinale sar\u00e0 premiato dall\u2019associazione A Campanassa presso la sede del Brandale. Sempre sabato, alle 18, nella chiesa di san Lorenzo a Quiliano, Onaiyekan concelebrer\u00e0 assieme al vescovo Vittorio Lupi la Messa durante la quale saranno amministrati i sacramenti della Prima Comunione e della Cresime ai ragazzi della parrocchia retta dal vicario don Antonio Ferri.<\/p>\n<p>La sera il porporato nigeriano dovrebbe prendere parte all\u2019iniziativa nella chiesa dei santi Pietro e Paolo a Legino. Infine domenica 23 giugno, alle 10.30, il cardinale celebrer\u00e0 la Messa in Duomo a Savona.<\/p>\n","protected":false},"excerpt":{"rendered":"<p>Savona. Il cardinale nigeriano Olorunfemi Onaiyekan (in inglese il suo nome di battesimo \u00e8 John), in visita a Savona dal 21 al 23 giugno. Non \u00e8 un passaggio casuale: il Cardinale \u00e8 infatti legato alla citt\u00e0 e alla diocesi da antichi vincoli di fraterna amicizia e ricevette il diaconato nella Cattedrale dell\u2019Assunta il 6 gennaio [&hellip;]<\/p>\n","protected":false},"author":13744,"featured_media":0,"comment_status":"open","ping_status":"closed","sticky":false,"template":"","format":"standard","meta":{"footnotes":""},"categories":[56],"tags":[33092,1554,85850],"class_list":["post-243649","post","type-post","status-publish","format-standard","hentry","category-altre","tag-cardinale","tag-chiesa","tag-savona","post_cat_citta-savona"],"amp_validity":null,"amp_enabled":true,"_links":{"self":[{"href":"https:\/\/staging.ivg.it\/ediapi\/wp\/v2\/posts\/243649","targetHints":{"allow":["GET"]}}],"collection":[{"href":"https:\/\/staging.ivg.it\/ediapi\/wp\/v2\/posts"}],"about":[{"href":"https:\/\/staging.ivg.it\/ediapi\/wp\/v2\/types\/post"}],"author":[{"embeddable":true,"href":"https:\/\/staging.ivg.it\/ediapi\/wp\/v2\/users\/13744"}],"replies":[{"embeddable":true,"href":"https:\/\/staging.ivg.it\/ediapi\/wp\/v2\/comments?post=243649"}],"version-history":[{"count":0,"href":"https:\/\/staging.ivg.it\/ediapi\/wp\/v2\/posts\/243649\/revisions"}],"wp:attachment":[{"href":"https:\/\/staging.ivg.it\/ediapi\/wp\/v2\/media?parent=243649"}],"wp:term":[{"taxonomy":"category","embeddable":true,"href":"https:\/\/staging.ivg.it\/ediapi\/wp\/v2\/categories?post=243649"},{"taxonomy":"post_tag","embeddable":true,"href":"https:\/\/staging.ivg.it\/ediapi\/wp\/v2\/tags?post=243649"}],"curies":[{"name":"wp","href":"https:\/\/api.w.org\/{rel}","templated":true}]}}