{"id":243296,"date":"2013-06-12T13:43:44","date_gmt":"2013-06-12T11:43:44","guid":{"rendered":"http:\/\/www.ivg.it\/?p=243296"},"modified":"2013-06-12T19:43:25","modified_gmt":"2013-06-12T17:43:25","slug":"soccorso-alpino-e-speleologico-domenica-di-esercitazione-e-informazione-a-bardineto","status":"publish","type":"post","link":"https:\/\/staging.ivg.it\/2013\/06\/soccorso-alpino-e-speleologico-domenica-di-esercitazione-e-informazione-a-bardineto\/","title":{"rendered":"Soccorso Alpino e Speleologico: domenica di esercitazione e informazione a Bardineto"},"content":{"rendered":"<p><strong>Bardineto<\/strong>. Tecnici del Corpo nazionale del Soccorso alpino e speleologico saranno impegnati domenica prossima a Bardineto nella giornata d&#8217;informazione e formazione &#8220;Sicuri in montagna&#8221;, un&#8217;iniziativa che rientra nel programma nazionale di prevenzione e educazione alla sicurezza in montagna. <\/p>\n<p>&#8220;La scelta del Cnsas di svolgere la manifestazione, per quanto di competenza territoriale del Soccorso Alpino e Speleologico Ligure, a Bardineto &#8211; spiega Fabrizio Masella del Soccorso Alpino che ha curato la manifestazione &#8211; \u00e8 giustificata dall&#8217;essere tutta la Val Bormida uno dei pi\u00f9 grandi epicentri nazionali per la ricerca funghi con conseguente intensa attivit\u00e0 di soccorso prestato dai tecnici per ricerche dispersi e recupero infortunati&#8221;. <\/p>\n<p>A Bardineto saranno presenti anche medici e infermieri del Soccorso Alpino disponibili a fornire consigli pratici in caso di infortunio, insieme ad unit\u00e0 cinofile e specialisti speleo. <\/p>\n","protected":false},"excerpt":{"rendered":"<p>Bardineto. Tecnici del Corpo nazionale del Soccorso alpino e speleologico saranno impegnati domenica prossima a Bardineto nella giornata d&#8217;informazione e formazione &#8220;Sicuri in montagna&#8221;, un&#8217;iniziativa che rientra nel programma nazionale di prevenzione e educazione alla sicurezza in montagna. &#8220;La scelta del Cnsas di svolgere la manifestazione, per quanto di competenza territoriale del Soccorso Alpino e [&hellip;]<\/p>\n","protected":false},"author":13744,"featured_media":0,"comment_status":"open","ping_status":"closed","sticky":false,"template":"","format":"standard","meta":{"footnotes":""},"categories":[56],"tags":[85878,946,183,232,945],"class_list":["post-243296","post","type-post","status-publish","format-standard","hentry","category-altre","tag-bardineto","tag-esercitazione","tag-sicurezza","tag-soccorso","tag-soccorso-alpino","post_cat_citta-bardineto"],"amp_validity":null,"amp_enabled":true,"_links":{"self":[{"href":"https:\/\/staging.ivg.it\/ediapi\/wp\/v2\/posts\/243296","targetHints":{"allow":["GET"]}}],"collection":[{"href":"https:\/\/staging.ivg.it\/ediapi\/wp\/v2\/posts"}],"about":[{"href":"https:\/\/staging.ivg.it\/ediapi\/wp\/v2\/types\/post"}],"author":[{"embeddable":true,"href":"https:\/\/staging.ivg.it\/ediapi\/wp\/v2\/users\/13744"}],"replies":[{"embeddable":true,"href":"https:\/\/staging.ivg.it\/ediapi\/wp\/v2\/comments?post=243296"}],"version-history":[{"count":0,"href":"https:\/\/staging.ivg.it\/ediapi\/wp\/v2\/posts\/243296\/revisions"}],"wp:attachment":[{"href":"https:\/\/staging.ivg.it\/ediapi\/wp\/v2\/media?parent=243296"}],"wp:term":[{"taxonomy":"category","embeddable":true,"href":"https:\/\/staging.ivg.it\/ediapi\/wp\/v2\/categories?post=243296"},{"taxonomy":"post_tag","embeddable":true,"href":"https:\/\/staging.ivg.it\/ediapi\/wp\/v2\/tags?post=243296"}],"curies":[{"name":"wp","href":"https:\/\/api.w.org\/{rel}","templated":true}]}}