{"id":243118,"date":"2013-06-10T17:08:19","date_gmt":"2013-06-10T15:08:19","guid":{"rendered":"http:\/\/www.ivg.it\/?p=243118"},"modified":"2013-06-11T10:54:03","modified_gmt":"2013-06-11T08:54:03","slug":"albenga-lassessore-ciangherotti-se-milano-non-vi-vuole-venite-da-noi-a-mangiare-il-gelato","status":"publish","type":"post","link":"https:\/\/staging.ivg.it\/2013\/06\/albenga-lassessore-ciangherotti-se-milano-non-vi-vuole-venite-da-noi-a-mangiare-il-gelato\/","title":{"rendered":"Albenga, l&#8217;assessore Ciangherotti: &#8220;Se Milano non vi vuole, venite da noi a mangiare il gelato&#8221;"},"content":{"rendered":"<p><strong>Albenga<\/strong>. &#8220;Se Milano non vi vuole, venite a mangiare il gelato ad Albenga. Invito i milanesi tutti sbalorditi, come noi, dall&#8217;ultima ordinanza del sindaco Pisapia, per gustare un buon gelato a tutte le ore anche dopo la mezzanotte&#8221;. A dirlo \u00e8 l&#8217;assessore ai servizi sociali del Comune ingauno, Eraldo Ciangherotti.<\/p>\n<p>&#8220;Chieder\u00f2 personalmente a tutte le gelaterie di Albenga, un&#8217;eccellenza del nostro territorio, di preparare per l&#8217;inizio dell&#8217;estate un gelato speciale, al gusto di panettone, charlotte alle mele o barbajada, dedicato a tutti i turisti della Madunina, dai bambini ai ragazzi, dalle famiglie ai nonni &#8211; spiega l&#8217;assessore &#8211; Considerato che ad Albenga le nostre prelibate gelaterie d&#8217;estate lavorano a ritmo serrato per distribuire un prodotto rinomato per la sua freschezza, genuinit\u00e0 e bont\u00e0, aspettiamo sul nostro lungomare tutti i cittadini di Milano che, obbligati da Pisapia a un incomprensibile coprifuoco del gelato, vogliano trascorrere in serenit\u00e0 e tranquillit\u00e0 il proprio tempo libero nella nostra citt\u00e0, dove nessuno vi far\u00e0 la multa per un cono o una coppetta nelle ore notturne&#8221;.<\/p>\n<p>Il divieto di vendita esteso ai gelati dopo la mezzanotte nelle zone della movida a Milano ha suscitato sconcerto. Proprio in queste ore, per\u00f2, Pisapia ha corretto il tiro: &#8220;Purtroppo c&#8217;\u00e8 stato forse un errore di interpretazione, un errore di scrittura di una delibera che abbiamo gi\u00e0 rivisitato e rivisto. Anche ieri e sabato era possibile mangiare il gelato di giorno e di notte&#8221;. L&#8217;assessore Ciangherotti tiene comunque aperto l&#8217;invito ai milanesi per la degustazione del gelato albenganese. <\/p>\n","protected":false},"excerpt":{"rendered":"<p>Albenga. &#8220;Se Milano non vi vuole, venite a mangiare il gelato ad Albenga. Invito i milanesi tutti sbalorditi, come noi, dall&#8217;ultima ordinanza del sindaco Pisapia, per gustare un buon gelato a tutte le ore anche dopo la mezzanotte&#8221;. A dirlo \u00e8 l&#8217;assessore ai servizi sociali del Comune ingauno, Eraldo Ciangherotti. &#8220;Chieder\u00f2 personalmente a tutte le [&hellip;]<\/p>\n","protected":false},"author":13744,"featured_media":0,"comment_status":"open","ping_status":"closed","sticky":false,"template":"","format":"standard","meta":{"footnotes":""},"categories":[31],"tags":[85841,1238,10900,86136],"class_list":["post-243118","post","type-post","status-publish","format-standard","hentry","category-politica","tag-albenga","tag-eraldo-ciangherotti","tag-gelato","tag-milano","post_cat_citta-albenga"],"amp_validity":null,"amp_enabled":true,"_links":{"self":[{"href":"https:\/\/staging.ivg.it\/ediapi\/wp\/v2\/posts\/243118","targetHints":{"allow":["GET"]}}],"collection":[{"href":"https:\/\/staging.ivg.it\/ediapi\/wp\/v2\/posts"}],"about":[{"href":"https:\/\/staging.ivg.it\/ediapi\/wp\/v2\/types\/post"}],"author":[{"embeddable":true,"href":"https:\/\/staging.ivg.it\/ediapi\/wp\/v2\/users\/13744"}],"replies":[{"embeddable":true,"href":"https:\/\/staging.ivg.it\/ediapi\/wp\/v2\/comments?post=243118"}],"version-history":[{"count":0,"href":"https:\/\/staging.ivg.it\/ediapi\/wp\/v2\/posts\/243118\/revisions"}],"wp:attachment":[{"href":"https:\/\/staging.ivg.it\/ediapi\/wp\/v2\/media?parent=243118"}],"wp:term":[{"taxonomy":"category","embeddable":true,"href":"https:\/\/staging.ivg.it\/ediapi\/wp\/v2\/categories?post=243118"},{"taxonomy":"post_tag","embeddable":true,"href":"https:\/\/staging.ivg.it\/ediapi\/wp\/v2\/tags?post=243118"}],"curies":[{"name":"wp","href":"https:\/\/api.w.org\/{rel}","templated":true}]}}