{"id":242894,"date":"2013-06-07T10:59:29","date_gmt":"2013-06-07T08:59:29","guid":{"rendered":"http:\/\/www.ivg.it\/?p=242894"},"modified":"2013-06-07T16:46:45","modified_gmt":"2013-06-07T14:46:45","slug":"vaccarezza-su-settimana-corta-con-questi-tagli-non-si-capisce-che-il-problema-e-scuole-chiuse-o-no","status":"publish","type":"post","link":"https:\/\/staging.ivg.it\/2013\/06\/vaccarezza-su-settimana-corta-con-questi-tagli-non-si-capisce-che-il-problema-e-scuole-chiuse-o-no\/","title":{"rendered":"Vaccarezza su settimana corta: &#8220;Con questi tagli non si capisce che il problema \u00e8 &#8216;scuole chiuse o no'&#8221;"},"content":{"rendered":"<p><strong>Savona<\/strong>. La scure dei tagli si abbatte anche sulla scuola e, in tutto lo Stivale, si ragiona sulla settimana corta, mentre alcuni istituti aprono &#8220;a turno&#8221; per risparmiare. A Savona, la Provincia si \u00e8 seduta al tavolo con i dirigenti scolastici, chiedendo anche al ministro di non scaricare sempre i problemi sugli enti locali e di sganciare i vincoli del Patto di Stabilit\u00e0 almeno per questo settore, in modo da permettere una ristrutturazione di istituti ormai fatiscenti.<\/p>\n<p>&#8220;La polemica sulla settimana corta \u00e8 tra coloro che non capiscono in quale periodo stiamo vivendo e pensano ancora di vivere nell&#8217;italico Bengodi e quelli che si rendono conto che siamo in un momento drammatico &#8211; esordisce il presidente della Provincia di Savona, Angelo Vaccarezza &#8211; Il problema non \u00e8 scuole aperte 5 o 6 giorni, ma \u00e8 scuole aperte o no: i 5600 istituti superiori sono di propriet\u00e0 delle Province, enti, questi ultimi, che subiscono un taglio di 1 miliardo e 200 milioni. Ora sfido qualsiasi famiglia a vedere diminuite del 66% le proprie entrate e mantenere l&#8217;identico tenore di vita. E&#8217; impossibile&#8221;.<\/p>\n<p>&#8220;In tutto ci\u00f2, la Provincia di Savona \u00e8 messa meglio, perch\u00e9 \u00e8 stata governata bene in questi 4 anni, abbiamo fatto investimenti oculati e oggi pu\u00f2 garantire servizi, ed \u00e8 quindi ancora in grado di ragionare sulla scuola &#8211; continua Vaccarezza &#8211; In altre parti d&#8217;Italia si ragiona gi\u00e0 sul doppio turno, cio\u00e8 alcune scuole chiudono e alcune aprono solo nel pomeriggio. Se questo Paese non decide chi fa cosa e con quali soldi non possiamo continuare a garantire servizi. Noi siamo ora al tavolo col mondo della scuola perch\u00e9 siamo ancora in condizione di offrire servizi di qualit\u00e0 per il 2013&#8221;.<\/p>\n<p>&#8220;Questo abbiamo detto al ministro, chiedendogli che almeno sulle scuole vanga meno il patto di stabilit\u00e0, dal momento che ci troviamo con edifici fatiscenti e infrequentabili, e voglia che smettano di scaricare sugli amminstratori locali i problemi. Dopo i tecnici e i saggi abbiamo ora gli espreti: che facciano qualcosa. E&#8217; vergognoso che i problemi arrivino sempre in periferia&#8221; conclude il numero uno di Palazzo Nervi.<\/p>\n","protected":false},"excerpt":{"rendered":"<p>Savona. La scure dei tagli si abbatte anche sulla scuola e, in tutto lo Stivale, si ragiona sulla settimana corta, mentre alcuni istituti aprono &#8220;a turno&#8221; per risparmiare. A Savona, la Provincia si \u00e8 seduta al tavolo con i dirigenti scolastici, chiedendo anche al ministro di non scaricare sempre i problemi sugli enti locali e [&hellip;]<\/p>\n","protected":false},"author":13744,"featured_media":0,"comment_status":"open","ping_status":"closed","sticky":false,"template":"","format":"standard","meta":{"footnotes":""},"categories":[56],"tags":[85850,199,2041],"class_list":["post-242894","post","type-post","status-publish","format-standard","hentry","category-altre","tag-savona","tag-scuola","tag-vaccarezza","post_cat_citta-savona"],"amp_validity":null,"amp_enabled":true,"_links":{"self":[{"href":"https:\/\/staging.ivg.it\/ediapi\/wp\/v2\/posts\/242894","targetHints":{"allow":["GET"]}}],"collection":[{"href":"https:\/\/staging.ivg.it\/ediapi\/wp\/v2\/posts"}],"about":[{"href":"https:\/\/staging.ivg.it\/ediapi\/wp\/v2\/types\/post"}],"author":[{"embeddable":true,"href":"https:\/\/staging.ivg.it\/ediapi\/wp\/v2\/users\/13744"}],"replies":[{"embeddable":true,"href":"https:\/\/staging.ivg.it\/ediapi\/wp\/v2\/comments?post=242894"}],"version-history":[{"count":0,"href":"https:\/\/staging.ivg.it\/ediapi\/wp\/v2\/posts\/242894\/revisions"}],"wp:attachment":[{"href":"https:\/\/staging.ivg.it\/ediapi\/wp\/v2\/media?parent=242894"}],"wp:term":[{"taxonomy":"category","embeddable":true,"href":"https:\/\/staging.ivg.it\/ediapi\/wp\/v2\/categories?post=242894"},{"taxonomy":"post_tag","embeddable":true,"href":"https:\/\/staging.ivg.it\/ediapi\/wp\/v2\/tags?post=242894"}],"curies":[{"name":"wp","href":"https:\/\/api.w.org\/{rel}","templated":true}]}}