{"id":242662,"date":"2013-06-04T11:23:34","date_gmt":"2013-06-04T09:23:34","guid":{"rendered":"http:\/\/www.ivg.it\/?p=242662"},"modified":"2013-06-27T10:56:42","modified_gmt":"2013-06-27T08:56:42","slug":"nuoto-in-acque-libere-domenica-30-giugno-il-miglio-di-pietra","status":"publish","type":"post","link":"https:\/\/staging.ivg.it\/2013\/06\/nuoto-in-acque-libere-domenica-30-giugno-il-miglio-di-pietra\/","title":{"rendered":"Nuoto in acque libere, domenica 30 giugno &#8220;Il Miglio di Pietra&#8221;"},"content":{"rendered":"<p><strong>Pietra Ligure<\/strong>. Torna anche quest\u2019anno &#8220;Il Miglio di Pietra&#8221;, manifestazione sportiva giunta alla quinta edizione.<\/p>\n<p>Domenica 30 giugno i concorrenti si ritroveranno presso la spiaggia libera di fronte al monumento dei caduti, per sfidarsi sulla distanza di un miglio marino, ovvero 1852 metri.<\/p>\n<p>L&#8217;evento, organizzato da Comune di Pietra Ligure e Maremola Triathlon Pietra Ligure, \u00e8 aperto a tesserati FITRI, FIN, amatori e Under 18. Sar\u00e0 valido per il circuito del campionato ligure FIN open.<\/p>\n<p>Ospite d&#8217;onore della manifestazione sar\u00e0 Salvatore Cimmino, gi\u00e0 presente al triathlon olimpico del 12 maggio, appoggiato dagli organizzatori nella sua lotta per l\u2019abbattimento delle barriere architettoniche.<\/p>\n<p>Salvatore, colpito in giovane et\u00e0 da un osteosarcoma, per salvarsi la vita \u00e8 stato costretto all&#8217;amputazione della gamba a met\u00e0 del femore. Qualche anno dopo, su consiglio medico, si \u00e8 appassionato al nuoto e ha dato vita ad un progetto di sensibilizzazione sui problemi del mondo della disabilit\u00e0.<\/p>\n<p>Salvatore sta organizzando diversi tour composti da pi\u00f9 tappe in mare di nuoto che vanno dai 15 km fino a traversate di 54 km. Ricordiamo nel 2007 il \u201cGiro d&#8217;Italia a nuoto\u201d, nel 2009 \u201cIl giro d&#8217;Europa a nuoto&#8221; e nel 2010 \u201cA nuoto nei mari del globo \u2013 per un mondo senza barriere e senza frontiere&#8221;.<\/p>\n<p>Per informazioni \u00e8 possibile scrivere a info@triathlonpietra.com oppure telefonare al 3336176265 o al 3385349703.<\/p>\n","protected":false},"excerpt":{"rendered":"<p>Pietra Ligure. Torna anche quest\u2019anno &#8220;Il Miglio di Pietra&#8221;, manifestazione sportiva giunta alla quinta edizione. Domenica 30 giugno i concorrenti si ritroveranno presso la spiaggia libera di fronte al monumento dei caduti, per sfidarsi sulla distanza di un miglio marino, ovvero 1852 metri. L&#8217;evento, organizzato da Comune di Pietra Ligure e Maremola Triathlon Pietra Ligure, [&hellip;]<\/p>\n","protected":false},"author":13744,"featured_media":0,"comment_status":"open","ping_status":"closed","sticky":false,"template":"","format":"standard","meta":{"footnotes":""},"categories":[32],"tags":[476,85830],"class_list":["post-242662","post","type-post","status-publish","format-standard","hentry","category-sport","tag-nuoto","tag-pietra-ligure","post_cat_citta-pietra-ligure"],"amp_validity":null,"amp_enabled":true,"_links":{"self":[{"href":"https:\/\/staging.ivg.it\/ediapi\/wp\/v2\/posts\/242662","targetHints":{"allow":["GET"]}}],"collection":[{"href":"https:\/\/staging.ivg.it\/ediapi\/wp\/v2\/posts"}],"about":[{"href":"https:\/\/staging.ivg.it\/ediapi\/wp\/v2\/types\/post"}],"author":[{"embeddable":true,"href":"https:\/\/staging.ivg.it\/ediapi\/wp\/v2\/users\/13744"}],"replies":[{"embeddable":true,"href":"https:\/\/staging.ivg.it\/ediapi\/wp\/v2\/comments?post=242662"}],"version-history":[{"count":0,"href":"https:\/\/staging.ivg.it\/ediapi\/wp\/v2\/posts\/242662\/revisions"}],"wp:attachment":[{"href":"https:\/\/staging.ivg.it\/ediapi\/wp\/v2\/media?parent=242662"}],"wp:term":[{"taxonomy":"category","embeddable":true,"href":"https:\/\/staging.ivg.it\/ediapi\/wp\/v2\/categories?post=242662"},{"taxonomy":"post_tag","embeddable":true,"href":"https:\/\/staging.ivg.it\/ediapi\/wp\/v2\/tags?post=242662"}],"curies":[{"name":"wp","href":"https:\/\/api.w.org\/{rel}","templated":true}]}}