{"id":242587,"date":"2013-06-03T15:11:15","date_gmt":"2013-06-03T13:11:15","guid":{"rendered":"http:\/\/www.ivg.it\/?p=242587"},"modified":"2013-06-04T12:04:10","modified_gmt":"2013-06-04T10:04:10","slug":"albisola-accusata-di-maltrattamenti-sui-tre-figli-donna-in-manette-e-a-giudizio-per-direttissima","status":"publish","type":"post","link":"https:\/\/staging.ivg.it\/2013\/06\/albisola-accusata-di-maltrattamenti-sui-tre-figli-donna-in-manette-e-a-giudizio-per-direttissima\/","title":{"rendered":"Albisola, accusata di maltrattamenti sui tre figli: donna in manette e a giudizio per direttissima"},"content":{"rendered":"<p><strong>Albisola S<\/strong>. Una storia, l&#8217;ennesima, di violenza in famiglia. Stavolta a giudzio c&#8217;\u00e8 una mamma che deve rispondere dell&#8217;accusa di maltrattamenti in famiglia verso i suoi tre bimbi di cinque, otto e dodici anni. Secondo quanto accertato dai carabinieri, da tempo, la mamma era solita avere scatti d&#8217;ira verso i suoi figli. L&#8217;ultimo episodio, quello che le \u00e8 costato l&#8217;arresto, si \u00e8 verificato sabato scorso: la donna si \u00e8 alterata con i bambini per futili motivi e poi avrebbe anche afferrato un coltello colpendo con la lama la porta dell&#8217;appartamento.<\/p>\n<p>Ad allertare i carabinieri \u00e8 stata la zia dei fratellini che era passata a trovarli ed ha assistito alla scena. La mamma nel frattempo \u00e8 uscita di casa, ma i militari l&#8217;hanno raggiunta sul lungomare di Albisola ed arrestata. Ieri la vicenda ha poi avuto un altro epilogo violento: gli uomini dell&#8217;Arma si sono presentati a casa della donna (alla quale erano stati concessi i domiciliari) per un controllo e lei ha reagito con un altro raptus. La donna ha preso un coltello ed ha minacciato di ferirsi finendo per procurarsi un taglio lieve ad un braccio.<\/p>\n<p>Questa mattina si \u00e8 celebrato il processo per direttissima in tribunale a Savona. Durante l&#8217;udienza di convalida la signora, assistita dall&#8217;avvocato Cristina Zeppa, ha preferito avvalersi della facolt\u00e0 di non rispondere. Il giudice ha convalidato l&#8217;arresto e, come richiesto dal pm, optato per la custodia cautelare in carcere. Vista la richiesta di termini a difesa del legale dell&#8217;imputata il processo \u00e8 stato rinviato al prossimo 21 giugno.<\/p>\n","protected":false},"excerpt":{"rendered":"<p>Albisola S. Una storia, l&#8217;ennesima, di violenza in famiglia. Stavolta a giudzio c&#8217;\u00e8 una mamma che deve rispondere dell&#8217;accusa di maltrattamenti in famiglia verso i suoi tre bimbi di cinque, otto e dodici anni. Secondo quanto accertato dai carabinieri, da tempo, la mamma era solita avere scatti d&#8217;ira verso i suoi figli. L&#8217;ultimo episodio, quello [&hellip;]<\/p>\n","protected":false},"author":2394,"featured_media":0,"comment_status":"open","ping_status":"closed","sticky":false,"template":"","format":"standard","meta":{"footnotes":""},"categories":[34],"tags":[432,666,2641],"class_list":["post-242587","post","type-post","status-publish","format-standard","hentry","category-cronaca","tag-albisola","tag-arresto","tag-maltrattamenti","post_cat_citta-albisola-superiore"],"amp_validity":null,"amp_enabled":true,"_links":{"self":[{"href":"https:\/\/staging.ivg.it\/ediapi\/wp\/v2\/posts\/242587","targetHints":{"allow":["GET"]}}],"collection":[{"href":"https:\/\/staging.ivg.it\/ediapi\/wp\/v2\/posts"}],"about":[{"href":"https:\/\/staging.ivg.it\/ediapi\/wp\/v2\/types\/post"}],"author":[{"embeddable":true,"href":"https:\/\/staging.ivg.it\/ediapi\/wp\/v2\/users\/2394"}],"replies":[{"embeddable":true,"href":"https:\/\/staging.ivg.it\/ediapi\/wp\/v2\/comments?post=242587"}],"version-history":[{"count":0,"href":"https:\/\/staging.ivg.it\/ediapi\/wp\/v2\/posts\/242587\/revisions"}],"wp:attachment":[{"href":"https:\/\/staging.ivg.it\/ediapi\/wp\/v2\/media?parent=242587"}],"wp:term":[{"taxonomy":"category","embeddable":true,"href":"https:\/\/staging.ivg.it\/ediapi\/wp\/v2\/categories?post=242587"},{"taxonomy":"post_tag","embeddable":true,"href":"https:\/\/staging.ivg.it\/ediapi\/wp\/v2\/tags?post=242587"}],"curies":[{"name":"wp","href":"https:\/\/api.w.org\/{rel}","templated":true}]}}