{"id":242473,"date":"2013-06-01T19:03:21","date_gmt":"2013-06-01T17:03:21","guid":{"rendered":"http:\/\/www.ivg.it\/?p=242473"},"modified":"2013-06-01T19:03:21","modified_gmt":"2013-06-01T17:03:21","slug":"monte-cucco-turista-tedesca-scivola-e-si-frattura-una-gamba","status":"publish","type":"post","link":"https:\/\/staging.ivg.it\/2013\/06\/monte-cucco-turista-tedesca-scivola-e-si-frattura-una-gamba\/","title":{"rendered":"Monte Cucco, turista tedesca scivola e si frattura una gamba"},"content":{"rendered":"<p><strong>Finale Ligure<\/strong>. Si era avventurata lungo un sentiero, quando \u00e8 scivolata e si \u00e8 infortunata, senza cos\u00ec riuscire a proseguire la sua camminata.<\/p>\n<p>E&#8217; la disavventura accaduta oggi ad una turista tedesca, sul Monte Cucco, nel Finalese. Quando \u00e8 giunta la sua richiesta di soccorso, intorno alle 17,23, si temeva che si trovasse in una zona impervia e che, pertanto,\u00a0non sarebbe stato facile individuarla.<\/p>\n<p>Per sua fortuna, invece, \u00e8 stato necessario poco tempo per raggiungerla. Gli uomini del Soccorso Alpino, i vigili del fuoco e i volontari della Croce Verde di Finalborgo l&#8217;hanno prontamente soccorsa e trasportata in codice giallo al Santa Corona. Ha riportato la frattura di una gamba.<\/p>\n","protected":false},"excerpt":{"rendered":"<p>Finale Ligure. Si era avventurata lungo un sentiero, quando \u00e8 scivolata e si \u00e8 infortunata, senza cos\u00ec riuscire a proseguire la sua camminata. E&#8217; la disavventura accaduta oggi ad una turista tedesca, sul Monte Cucco, nel Finalese. Quando \u00e8 giunta la sua richiesta di soccorso, intorno alle 17,23, si temeva che si trovasse in una [&hellip;]<\/p>\n","protected":false},"author":13744,"featured_media":0,"comment_status":"open","ping_status":"closed","sticky":false,"template":"","format":"standard","meta":{"footnotes":""},"categories":[34],"tags":[2283,85844,945],"class_list":["post-242473","post","type-post","status-publish","format-standard","hentry","category-cronaca","tag-croce-verde","tag-finale-ligure","tag-soccorso-alpino","post_cat_citta-finale-ligure"],"amp_validity":null,"amp_enabled":true,"_links":{"self":[{"href":"https:\/\/staging.ivg.it\/ediapi\/wp\/v2\/posts\/242473","targetHints":{"allow":["GET"]}}],"collection":[{"href":"https:\/\/staging.ivg.it\/ediapi\/wp\/v2\/posts"}],"about":[{"href":"https:\/\/staging.ivg.it\/ediapi\/wp\/v2\/types\/post"}],"author":[{"embeddable":true,"href":"https:\/\/staging.ivg.it\/ediapi\/wp\/v2\/users\/13744"}],"replies":[{"embeddable":true,"href":"https:\/\/staging.ivg.it\/ediapi\/wp\/v2\/comments?post=242473"}],"version-history":[{"count":0,"href":"https:\/\/staging.ivg.it\/ediapi\/wp\/v2\/posts\/242473\/revisions"}],"wp:attachment":[{"href":"https:\/\/staging.ivg.it\/ediapi\/wp\/v2\/media?parent=242473"}],"wp:term":[{"taxonomy":"category","embeddable":true,"href":"https:\/\/staging.ivg.it\/ediapi\/wp\/v2\/categories?post=242473"},{"taxonomy":"post_tag","embeddable":true,"href":"https:\/\/staging.ivg.it\/ediapi\/wp\/v2\/tags?post=242473"}],"curies":[{"name":"wp","href":"https:\/\/api.w.org\/{rel}","templated":true}]}}