{"id":241921,"date":"2013-05-24T16:42:43","date_gmt":"2013-05-24T14:42:43","guid":{"rendered":"http:\/\/www.ivg.it\/?p=241921"},"modified":"2013-05-24T18:35:52","modified_gmt":"2013-05-24T16:35:52","slug":"coppa-europa-in-piscina-zanelli-paolo-barelli-fin-savona-capitale-del-sincro","status":"publish","type":"post","link":"https:\/\/staging.ivg.it\/2013\/05\/coppa-europa-in-piscina-zanelli-paolo-barelli-fin-savona-capitale-del-sincro\/","title":{"rendered":"Coppa Europa in piscina Zanelli, Paolo Barelli (FIN): &#8220;Savona capitale del sincro&#8221;"},"content":{"rendered":"<p><strong>Savona<\/strong>. &#8220;Savona capitale della pallanuoto, ma anche del sincro con le atlete locali in nazionale. Ricordiamo anche le presenze della nazionale in questa meravigliosa vasca spesso durante l&#8217;anno. E&#8217; un successo per la citt\u00e0 e per la societ\u00e0&#8221;. Cos\u00ec il presidente della Federnuoto, Paolo Barelli, nella piscina Zanelli dove sono in corso le gare della Coppa Europa. <\/p>\n<p>&#8220;Quella del palazzetto \u00e8 stata un&#8217;operazione realizzata con lungimiranza dal Comune: oltre ad essere un punto di riferimento sportivo ha inoltre una valenza turistica, anche internazionale. E&#8217; una prospettiva di futuro per la citt\u00e0&#8221; aggiunge Barelli. <\/p>\n<p>&#8220;Il nuoto italiano in prospettiva si sta rigenerando, anche nella pallanuoto sia maschile che femminile. Nei tuffi ci sono giovani che si stanno affaccendo. Procediamo con ambizioni misurate. I Mondiali sono importanti, ma come lo sono altre tappe quali gli Europei. Staff e tecnici sono al lavoro per la migliore preparazione&#8221; conclude il presidente della federazione. <\/p>\n<p>Dodici le squadre impegnate nel sincro: Russia, Ucraina, Spagna, Repubblica Ceca, Slovacchia, Francia, Gran Bretagna, Germania, Svizzera, Austria, Grecia ed ovviamente Italia. Sei le syncronette savonesi che vestono l\u2019azzurro in questa Coppe Europa,: Camilla Cattaneo, Giulia Lapi, Dalila Schiesaro, Linda Cerruti, Francesca Deidda e Costanza Ferro, con il ct della nazionale Patrizia Giallombardo che ha sottolineato: &#8220;Questa competizione \u00e8 il banco di prova per Barcellona&#8221;.<\/p>\n","protected":false},"excerpt":{"rendered":"<p>Savona. &#8220;Savona capitale della pallanuoto, ma anche del sincro con le atlete locali in nazionale. Ricordiamo anche le presenze della nazionale in questa meravigliosa vasca spesso durante l&#8217;anno. E&#8217; un successo per la citt\u00e0 e per la societ\u00e0&#8221;. Cos\u00ec il presidente della Federnuoto, Paolo Barelli, nella piscina Zanelli dove sono in corso le gare della [&hellip;]<\/p>\n","protected":false},"author":13744,"featured_media":0,"comment_status":"open","ping_status":"closed","sticky":false,"template":"","format":"standard","meta":{"footnotes":""},"categories":[32],"tags":[6319,476,1768,1579,85850,33959],"class_list":["post-241921","post","type-post","status-publish","format-standard","hentry","category-sport","tag-fin","tag-nuoto","tag-nuoto-sincronizzato","tag-piscina","tag-savona","tag-sincro","post_cat_citta-savona"],"amp_validity":null,"amp_enabled":true,"_links":{"self":[{"href":"https:\/\/staging.ivg.it\/ediapi\/wp\/v2\/posts\/241921","targetHints":{"allow":["GET"]}}],"collection":[{"href":"https:\/\/staging.ivg.it\/ediapi\/wp\/v2\/posts"}],"about":[{"href":"https:\/\/staging.ivg.it\/ediapi\/wp\/v2\/types\/post"}],"author":[{"embeddable":true,"href":"https:\/\/staging.ivg.it\/ediapi\/wp\/v2\/users\/13744"}],"replies":[{"embeddable":true,"href":"https:\/\/staging.ivg.it\/ediapi\/wp\/v2\/comments?post=241921"}],"version-history":[{"count":0,"href":"https:\/\/staging.ivg.it\/ediapi\/wp\/v2\/posts\/241921\/revisions"}],"wp:attachment":[{"href":"https:\/\/staging.ivg.it\/ediapi\/wp\/v2\/media?parent=241921"}],"wp:term":[{"taxonomy":"category","embeddable":true,"href":"https:\/\/staging.ivg.it\/ediapi\/wp\/v2\/categories?post=241921"},{"taxonomy":"post_tag","embeddable":true,"href":"https:\/\/staging.ivg.it\/ediapi\/wp\/v2\/tags?post=241921"}],"curies":[{"name":"wp","href":"https:\/\/api.w.org\/{rel}","templated":true}]}}