{"id":241817,"date":"2013-05-23T18:41:17","date_gmt":"2013-05-23T16:41:17","guid":{"rendered":"http:\/\/www.ivg.it\/?p=241817"},"modified":"2013-05-23T19:37:06","modified_gmt":"2013-05-23T17:37:06","slug":"crisi-15-mila-neet-in-liguria-no-lavoro-no-studio-30enni-con-laurea-senza-un-posto","status":"publish","type":"post","link":"https:\/\/staging.ivg.it\/2013\/05\/crisi-15-mila-neet-in-liguria-no-lavoro-no-studio-30enni-con-laurea-senza-un-posto\/","title":{"rendered":"Crisi, 15 mila &#8220;neet&#8221; in Liguria, &#8220;no lavoro no studio&#8221;: &#8220;30enni con laurea senza un posto&#8221;"},"content":{"rendered":"<p><strong>Liguria.<\/strong> Sono pi\u00f9 di 15mila i &#8216;Neet&#8217; in Liguria, i giovani tra i 15 e i 29 anni sono &#8216;noto in education, employment or training&#8217;, che non lavorano e non studiano. E&#8217; il dato emerso oggi a Genova al convegno &#8216;Adolescenti tra mondo interno e scena sociale&#8217; organizzato dall&#8217;Ordine degli assistenti sociali.<\/p>\n<p>&#8220;In Liguria c\u2019\u00e8 un nuovo caso di &#8216;Neet&#8217;, riguarda i molti giovani che hanno studiato, hanno preso una laurea, non sono mai stati utenti dei servizi psichiatrici, ma sono dei fantasmi per il mondo del lavoro &#8211; ha sottolineato l&#8217;assessore all&#8217;Istruzione della Regione Liguria Pippo Rossetti &#8211; C\u2019\u00e8 una generazione pi\u00f9 &#8216;anziana&#8217; di 30-35 anni che non solo non ha mai lavorato e non lavora, ma che non trover\u00e0 nemmeno un lavoro, e forse sar\u00e0 troppo vecchia per la crescita, se l&#8217;economia riparte&#8221;.<\/p>\n<p>&#8220;La politica nazionale non ha avuto al centro il tema dei giovani &#8211; ha denunciato Rossetti &#8211; non ci sono politiche giovanili, non ci sono politiche per la famiglia, in un Paese che ama dilaniarsi in un mare di inutili parole invece di prendere provvedimenti concreti per aiutare le donne a fare figli&#8221;.<\/p>\n","protected":false},"excerpt":{"rendered":"<p>Liguria. Sono pi\u00f9 di 15mila i &#8216;Neet&#8217; in Liguria, i giovani tra i 15 e i 29 anni sono &#8216;noto in education, employment or training&#8217;, che non lavorano e non studiano. E&#8217; il dato emerso oggi a Genova al convegno &#8216;Adolescenti tra mondo interno e scena sociale&#8217; organizzato dall&#8217;Ordine degli assistenti sociali. &#8220;In Liguria c\u2019\u00e8 [&hellip;]<\/p>\n","protected":false},"author":13744,"featured_media":0,"comment_status":"open","ping_status":"closed","sticky":false,"template":"","format":"standard","meta":{"footnotes":""},"categories":[],"tags":[1245,509],"class_list":["post-241817","post","type-post","status-publish","format-standard","hentry","tag-giovani","tag-lavoro"],"amp_validity":null,"amp_enabled":true,"_links":{"self":[{"href":"https:\/\/staging.ivg.it\/ediapi\/wp\/v2\/posts\/241817","targetHints":{"allow":["GET"]}}],"collection":[{"href":"https:\/\/staging.ivg.it\/ediapi\/wp\/v2\/posts"}],"about":[{"href":"https:\/\/staging.ivg.it\/ediapi\/wp\/v2\/types\/post"}],"author":[{"embeddable":true,"href":"https:\/\/staging.ivg.it\/ediapi\/wp\/v2\/users\/13744"}],"replies":[{"embeddable":true,"href":"https:\/\/staging.ivg.it\/ediapi\/wp\/v2\/comments?post=241817"}],"version-history":[{"count":0,"href":"https:\/\/staging.ivg.it\/ediapi\/wp\/v2\/posts\/241817\/revisions"}],"wp:attachment":[{"href":"https:\/\/staging.ivg.it\/ediapi\/wp\/v2\/media?parent=241817"}],"wp:term":[{"taxonomy":"category","embeddable":true,"href":"https:\/\/staging.ivg.it\/ediapi\/wp\/v2\/categories?post=241817"},{"taxonomy":"post_tag","embeddable":true,"href":"https:\/\/staging.ivg.it\/ediapi\/wp\/v2\/tags?post=241817"}],"curies":[{"name":"wp","href":"https:\/\/api.w.org\/{rel}","templated":true}]}}