{"id":241574,"date":"2013-05-21T12:31:08","date_gmt":"2013-05-21T10:31:08","guid":{"rendered":"http:\/\/www.ivg.it\/?p=241574"},"modified":"2013-05-21T16:56:56","modified_gmt":"2013-05-21T14:56:56","slug":"agricoltura-lassessore-barbagallo-pioggia-e-sbalzi-non-fanno-bene-a-viticoltura-e-olivicoltura-ma-e-presto-per-parlare-di-danni","status":"publish","type":"post","link":"https:\/\/staging.ivg.it\/2013\/05\/agricoltura-lassessore-barbagallo-pioggia-e-sbalzi-non-fanno-bene-a-viticoltura-e-olivicoltura-ma-e-presto-per-parlare-di-danni\/","title":{"rendered":"Agricoltura, l&#8217;assessore Barbagallo: &#8220;Pioggia e sbalzi non fanno bene a viticoltura e olivicoltura, ma \u00e8 presto per parlare di danni&#8221;"},"content":{"rendered":"<p><strong>Regione<\/strong>. L&#8217;anomalia meteo sta mettendo in agitazione il settore agricolo. La primavera piovosa ha gi\u00e0 procurato disagi alle coltivazioni, che non riescono pi\u00f9 ad assorbire le precipitazioni cadute in misura straordinaria. Ma \u00e8 ancora presto per quantificare i danni, per ora limitati. <\/p>\n<p>&#8220;Siamo molto preoccupati perch\u00e9 l&#8217;alternanza di pioggi e gli sbalzi di temperatura non fanno bene alla vegetazione, n\u00e9 in particolare a viticoltura e olivicoltura&#8221; sottolinea l&#8217;assessore regionale all&#8217;agricoltura Giovanni Barbagallo. <\/p>\n<p>&#8220;Caldo e freddo, se continuassero, creerebbero danni. Se arrivasse il bel tempo, come auspichiamo, invece ci sarebbe una ripresa. Se si dovesse fermare questo fenomeno di maltempo, il comparto non avr\u00e0 conseguenze. Nel caso perdurasse, per\u00f2, i danni potrebbero esserci e dovremmo preoccuparci&#8221; conclude Barbagallo. <\/p>\n","protected":false},"excerpt":{"rendered":"<p>Regione. L&#8217;anomalia meteo sta mettendo in agitazione il settore agricolo. La primavera piovosa ha gi\u00e0 procurato disagi alle coltivazioni, che non riescono pi\u00f9 ad assorbire le precipitazioni cadute in misura straordinaria. Ma \u00e8 ancora presto per quantificare i danni, per ora limitati. &#8220;Siamo molto preoccupati perch\u00e9 l&#8217;alternanza di pioggi e gli sbalzi di temperatura non [&hellip;]<\/p>\n","protected":false},"author":13744,"featured_media":0,"comment_status":"open","ping_status":"closed","sticky":false,"template":"","format":"standard","meta":{"footnotes":""},"categories":[35,31],"tags":[560,23275,295],"class_list":["post-241574","post","type-post","status-publish","format-standard","hentry","category-economia","category-politica","tag-agricoltura","tag-giovanni-barbagallo","tag-regione","post_cat_citta-andora"],"amp_validity":null,"amp_enabled":true,"_links":{"self":[{"href":"https:\/\/staging.ivg.it\/ediapi\/wp\/v2\/posts\/241574","targetHints":{"allow":["GET"]}}],"collection":[{"href":"https:\/\/staging.ivg.it\/ediapi\/wp\/v2\/posts"}],"about":[{"href":"https:\/\/staging.ivg.it\/ediapi\/wp\/v2\/types\/post"}],"author":[{"embeddable":true,"href":"https:\/\/staging.ivg.it\/ediapi\/wp\/v2\/users\/13744"}],"replies":[{"embeddable":true,"href":"https:\/\/staging.ivg.it\/ediapi\/wp\/v2\/comments?post=241574"}],"version-history":[{"count":0,"href":"https:\/\/staging.ivg.it\/ediapi\/wp\/v2\/posts\/241574\/revisions"}],"wp:attachment":[{"href":"https:\/\/staging.ivg.it\/ediapi\/wp\/v2\/media?parent=241574"}],"wp:term":[{"taxonomy":"category","embeddable":true,"href":"https:\/\/staging.ivg.it\/ediapi\/wp\/v2\/categories?post=241574"},{"taxonomy":"post_tag","embeddable":true,"href":"https:\/\/staging.ivg.it\/ediapi\/wp\/v2\/tags?post=241574"}],"curies":[{"name":"wp","href":"https:\/\/api.w.org\/{rel}","templated":true}]}}