{"id":241546,"date":"2013-05-21T08:08:05","date_gmt":"2013-05-21T06:08:05","guid":{"rendered":"http:\/\/www.ivg.it\/?p=241546"},"modified":"2013-05-21T08:09:11","modified_gmt":"2013-05-21T06:09:11","slug":"la-crisi-a-savona-si-combatte-anche-col-baratto","status":"publish","type":"post","link":"https:\/\/staging.ivg.it\/2013\/05\/la-crisi-a-savona-si-combatte-anche-col-baratto\/","title":{"rendered":"La crisi? A Savona si combatte anche col baratto"},"content":{"rendered":"<p><strong>Savona<\/strong>. La crisi si combatte anche cos\u00ec: aggiudicandosi ci\u00f2 di cui si ha bisogno scambiandolo con oggetti che non ci servono pi\u00f9. Sabato 25 maggio alle 15, in piazza Sisto IV a Savona, andr\u00e0 infatti in scena il baratto.<\/p>\n<p>Qui ci si potr\u00e0 scambiare vestiti, accessori, giochi, libri, dvd, oggettistica varia e, come si suo dire, chi pi\u00f9 ne ha pi\u00f9 ne metta. Ogni oggetto consegnato varr\u00e0 come buono-scambio per aggiudicarsi ci\u00f2 che ci serve. Si possono consegnare un massimo di 10 oggetti a testa (non si accettano biancheria intime, costumi da bagno e oggetti pericolosi) e, ovviamente, devono essere in buono stato. La cosegna delle proprie &#8220;offerte&#8221; avverr\u00e0 a partire dalle 13. L&#8217;iniziativa \u00e8 organizzata dalla Banca del Tempo.<\/p>\n","protected":false},"excerpt":{"rendered":"<p>Savona. La crisi si combatte anche cos\u00ec: aggiudicandosi ci\u00f2 di cui si ha bisogno scambiandolo con oggetti che non ci servono pi\u00f9. Sabato 25 maggio alle 15, in piazza Sisto IV a Savona, andr\u00e0 infatti in scena il baratto. Qui ci si potr\u00e0 scambiare vestiti, accessori, giochi, libri, dvd, oggettistica varia e, come si suo [&hellip;]<\/p>\n","protected":false},"author":13744,"featured_media":0,"comment_status":"open","ping_status":"closed","sticky":false,"template":"","format":"standard","meta":{"footnotes":""},"categories":[56],"tags":[595,85850],"class_list":["post-241546","post","type-post","status-publish","format-standard","hentry","category-altre","tag-crisi","tag-savona","post_cat_citta-savona"],"amp_validity":null,"amp_enabled":true,"_links":{"self":[{"href":"https:\/\/staging.ivg.it\/ediapi\/wp\/v2\/posts\/241546","targetHints":{"allow":["GET"]}}],"collection":[{"href":"https:\/\/staging.ivg.it\/ediapi\/wp\/v2\/posts"}],"about":[{"href":"https:\/\/staging.ivg.it\/ediapi\/wp\/v2\/types\/post"}],"author":[{"embeddable":true,"href":"https:\/\/staging.ivg.it\/ediapi\/wp\/v2\/users\/13744"}],"replies":[{"embeddable":true,"href":"https:\/\/staging.ivg.it\/ediapi\/wp\/v2\/comments?post=241546"}],"version-history":[{"count":0,"href":"https:\/\/staging.ivg.it\/ediapi\/wp\/v2\/posts\/241546\/revisions"}],"wp:attachment":[{"href":"https:\/\/staging.ivg.it\/ediapi\/wp\/v2\/media?parent=241546"}],"wp:term":[{"taxonomy":"category","embeddable":true,"href":"https:\/\/staging.ivg.it\/ediapi\/wp\/v2\/categories?post=241546"},{"taxonomy":"post_tag","embeddable":true,"href":"https:\/\/staging.ivg.it\/ediapi\/wp\/v2\/tags?post=241546"}],"curies":[{"name":"wp","href":"https:\/\/api.w.org\/{rel}","templated":true}]}}