{"id":241444,"date":"2013-05-20T10:17:14","date_gmt":"2013-05-20T08:17:14","guid":{"rendered":"http:\/\/www.ivg.it\/?p=241444"},"modified":"2013-05-20T13:28:35","modified_gmt":"2013-05-20T11:28:35","slug":"frana-sulla-sp-334-schneck-tecnici-al-lavoro-per-valutare-il-da-farsi","status":"publish","type":"post","link":"https:\/\/staging.ivg.it\/2013\/05\/frana-sulla-sp-334-schneck-tecnici-al-lavoro-per-valutare-il-da-farsi\/","title":{"rendered":"Frana sulla Sp 334, Schneck: &#8220;Tecnici al lavoro per valutare il da farsi&#8221;"},"content":{"rendered":"<p><strong>Stella\/Casanova L<\/strong>. Situazione frane monitorata da vicino dalla Provincia. L&#8217;assessore provinciale alla Viabilit\u00e0, Roberto Schneck, fa sapere che in queste ore, lungo la Sp 334, sono al lavoro i tecnici e i geologi per valutare il da farsi. Questa notte, infatti, sassi e detriti hanno invaso un tratto dell&#8217;arteria stradale che \u00e8 stata chiusa al traffico.   <\/p>\n<p>&#8220;Si tratta di un fronte franoso di circa 20 metri che \u00e8 caduto su un piccolo tratto nel corso della notte &#8211; spiega Schneck &#8211; Ora sono in corso verifiche per capire la gravit\u00e0 della situazione e prendere le decisioni pi\u00f9 opportune. Per ci\u00f2 che concerne invece la Sp 6 tra Casanova Lerrone e Vellego la situazione \u00e8 stata riportata alla normalit\u00e0 gi\u00e0 nel corso della mattinata di ieri&#8221;.<\/p>\n","protected":false},"excerpt":{"rendered":"<p>Stella\/Casanova L. Situazione frane monitorata da vicino dalla Provincia. L&#8217;assessore provinciale alla Viabilit\u00e0, Roberto Schneck, fa sapere che in queste ore, lungo la Sp 334, sono al lavoro i tecnici e i geologi per valutare il da farsi. Questa notte, infatti, sassi e detriti hanno invaso un tratto dell&#8217;arteria stradale che \u00e8 stata chiusa al [&hellip;]<\/p>\n","protected":false},"author":13744,"featured_media":0,"comment_status":"open","ping_status":"closed","sticky":false,"template":"","format":"standard","meta":{"footnotes":""},"categories":[34],"tags":[8283,5390,3039,85865],"class_list":["post-241444","post","type-post","status-publish","format-standard","hentry","category-cronaca","tag-casanova","tag-frane","tag-roberto-schneck","tag-stella","post_cat_citta-casanova-lerrone","post_cat_citta-stella"],"amp_validity":null,"amp_enabled":true,"_links":{"self":[{"href":"https:\/\/staging.ivg.it\/ediapi\/wp\/v2\/posts\/241444","targetHints":{"allow":["GET"]}}],"collection":[{"href":"https:\/\/staging.ivg.it\/ediapi\/wp\/v2\/posts"}],"about":[{"href":"https:\/\/staging.ivg.it\/ediapi\/wp\/v2\/types\/post"}],"author":[{"embeddable":true,"href":"https:\/\/staging.ivg.it\/ediapi\/wp\/v2\/users\/13744"}],"replies":[{"embeddable":true,"href":"https:\/\/staging.ivg.it\/ediapi\/wp\/v2\/comments?post=241444"}],"version-history":[{"count":0,"href":"https:\/\/staging.ivg.it\/ediapi\/wp\/v2\/posts\/241444\/revisions"}],"wp:attachment":[{"href":"https:\/\/staging.ivg.it\/ediapi\/wp\/v2\/media?parent=241444"}],"wp:term":[{"taxonomy":"category","embeddable":true,"href":"https:\/\/staging.ivg.it\/ediapi\/wp\/v2\/categories?post=241444"},{"taxonomy":"post_tag","embeddable":true,"href":"https:\/\/staging.ivg.it\/ediapi\/wp\/v2\/tags?post=241444"}],"curies":[{"name":"wp","href":"https:\/\/api.w.org\/{rel}","templated":true}]}}