{"id":241343,"date":"2013-05-17T17:47:22","date_gmt":"2013-05-17T15:47:22","guid":{"rendered":"http:\/\/www.ivg.it\/?p=241343"},"modified":"2013-05-18T13:42:13","modified_gmt":"2013-05-18T11:42:13","slug":"elezioni-sassello-il-candidato-sindaco-ferrando-ecco-come-rilanciare-il-nostro-turismo","status":"publish","type":"post","link":"https:\/\/staging.ivg.it\/2013\/05\/elezioni-sassello-il-candidato-sindaco-ferrando-ecco-come-rilanciare-il-nostro-turismo\/","title":{"rendered":"Elezioni Sassello, il candidato sindaco Ferrando: &#8220;Ecco come rilanciare il nostro turismo&#8221;"},"content":{"rendered":"<p><strong>Sassello.<\/strong> \u201cCon la lista Sassello 2013 ci proponiamo di avviare un immediato rilancio turistico di Sassello; porremo le condizioni affinch\u00e9 tutti gli operatori industriali, commerciali, turistici, le associazioni ed i giovani possano condividere e sostenere una serie di eventi di richiamo con cadenza almeno mensile, individuando gli obiettivi generali e coordinando le attivit\u00e0 per porre le basi di una graduale e costante crescita economica e sociale\u201d. Cos\u00ec il candidato sindaco Michele Ferrando a poco pi\u00f9 di una settimana dal voto per le amministrative nel comune di Sassello.<\/p>\n<p>\u201cTenuto conto che Sassello \u00e8, prima di tutto, il Paese degli Amaretti, e la denominazione \u201cAmaretto di Sassello\u201d costituisce anche, indirettamente, il vero e proprio passaporto universale del nostro Comune, avvieremo tutte le iniziative possibili affinch\u00e9 il nostro territorio possa trovare il massimo giovamento dalla notoriet\u00e0 dei suoi prodotti\u201d aggiunge il candidato sindaco.<\/p>\n<p>\u201cAvvieremo i necessari contatti con i vari Enti per la creazione di  un percorso turistico organizzato compreso tra la riviera savonese e la citt\u00e0 di Acqui Terme con possibili ricadute positive sulla cura e manutenzione della strada di collegamento 334. Crediamo inoltre che l\u2019appuntamento di Milano Expo 2015 possa diventare uno dei primi obiettivi per misurare le capacit\u00e0 di progettualit\u00e0 e concretezza e presentare Sassello pronto ad ogni occasione di crescita e sviluppo di qualit\u00e0 ed eccellenza\u201d conclude Michele Ferrando.<\/p>\n","protected":false},"excerpt":{"rendered":"<p>Sassello. \u201cCon la lista Sassello 2013 ci proponiamo di avviare un immediato rilancio turistico di Sassello; porremo le condizioni affinch\u00e9 tutti gli operatori industriali, commerciali, turistici, le associazioni ed i giovani possano condividere e sostenere una serie di eventi di richiamo con cadenza almeno mensile, individuando gli obiettivi generali e coordinando le attivit\u00e0 per porre [&hellip;]<\/p>\n","protected":false},"author":13744,"featured_media":0,"comment_status":"open","ping_status":"closed","sticky":false,"template":"","format":"standard","meta":{"footnotes":""},"categories":[31],"tags":[218,45664,45917,85947],"class_list":["post-241343","post","type-post","status-publish","format-standard","hentry","category-politica","tag-elezioni","tag-elezioni-sassello","tag-michele-ferrando","tag-sassello","post_cat_citta-andora","post_cat_citta-sassello"],"amp_validity":null,"amp_enabled":true,"_links":{"self":[{"href":"https:\/\/staging.ivg.it\/ediapi\/wp\/v2\/posts\/241343","targetHints":{"allow":["GET"]}}],"collection":[{"href":"https:\/\/staging.ivg.it\/ediapi\/wp\/v2\/posts"}],"about":[{"href":"https:\/\/staging.ivg.it\/ediapi\/wp\/v2\/types\/post"}],"author":[{"embeddable":true,"href":"https:\/\/staging.ivg.it\/ediapi\/wp\/v2\/users\/13744"}],"replies":[{"embeddable":true,"href":"https:\/\/staging.ivg.it\/ediapi\/wp\/v2\/comments?post=241343"}],"version-history":[{"count":0,"href":"https:\/\/staging.ivg.it\/ediapi\/wp\/v2\/posts\/241343\/revisions"}],"wp:attachment":[{"href":"https:\/\/staging.ivg.it\/ediapi\/wp\/v2\/media?parent=241343"}],"wp:term":[{"taxonomy":"category","embeddable":true,"href":"https:\/\/staging.ivg.it\/ediapi\/wp\/v2\/categories?post=241343"},{"taxonomy":"post_tag","embeddable":true,"href":"https:\/\/staging.ivg.it\/ediapi\/wp\/v2\/tags?post=241343"}],"curies":[{"name":"wp","href":"https:\/\/api.w.org\/{rel}","templated":true}]}}