{"id":241294,"date":"2013-05-17T11:41:47","date_gmt":"2013-05-17T09:41:47","guid":{"rendered":"http:\/\/www.ivg.it\/?p=241294"},"modified":"2013-05-17T11:43:48","modified_gmt":"2013-05-17T09:43:48","slug":"savona-consiglio-comunale-daniela-pongiglione-chiede-chiarezza-su-redditi-patrimoniali-e-determine","status":"publish","type":"post","link":"https:\/\/staging.ivg.it\/2013\/05\/savona-consiglio-comunale-daniela-pongiglione-chiede-chiarezza-su-redditi-patrimoniali-e-determine\/","title":{"rendered":"Savona, Consiglio comunale: Daniela Pongiglione chiede chiarezza su redditi patrimoniali e determine"},"content":{"rendered":"<p><strong>Savona<\/strong>. Daniela Pongiglione (Noi per Savona-Verdi) rende noto di aver sollevato due questioni nel Consiglio comunale di marted\u00ec 14 maggio. &#8220;Problemi che ritengo importanti per i cittadini &#8211; dichiara &#8211; perch\u00e9 riguardano la corretta informazione e la trasparenza dell&#8217;azione politica&#8221;.<\/p>\n<p>&#8220;Il primo &#8211; scrive Pongiglione &#8211; \u00e8 relativo alla pubblicazione dei redditi patrimoniali di sindaco, giunta e consiglieri comunali, esplicitamente richiesta dall\u2019art.41 bis del decreto legislativo 18 agosto 2000, n.267. Infatti tale articolo obbliga i Comuni a pubblicare lo stato patrimoniale dei titolari di cariche pubbliche elettive e di governo di loro competenza&#8221;.<\/p>\n<p>&#8220;A gennaio &#8211; prosegue &#8211; era passato in Commissione Bilancio un nuovo &#8216;Regolamento sulla pubblicit\u00e0 e trasparenza dello stato patrimoniale&#8217; che avrebbe dovuto stabilirne le modalit\u00e0 (delibera di Giunta n.3, 8 gennaio 2013). Nel regolamento precedente (sostituito dal nuovo) si richiedeva la pubblicazione della situazione  patrimoniale dei consiglieri comunali e anche dei dirigenti dell\u2019AMNU (Azienda sostituita poi da ATA). La Commissione aveva perci\u00f2 richiesto che il nuovo regolamento conservasse l\u2019indicazione su ATA e, anzi, la estendesse ai dirigenti delle altre societ\u00e0 partecipate del Comune. La pratica venne allora ritirata, ma, da quella data (gennaio 2013) non si \u00e8 pi\u00f9 parlato dell\u2019argomento. Che fine ha fatto quella delibera? Questi i precedenti&#8221;.<\/p>\n<p>&#8220;E su questo tema &#8211; sottolinea Pongiglione &#8211; sono intervenuta in Consiglio perch\u00e9 in questi giorni sulla stampa locale sono stati pubblicati i redditi degli amministratori del Comune e i guadagni dei dirigenti delle societ\u00e0 partecipate. Per i primi dati ho deplorato che anche quest\u2019anno, come lo scorso anno, essi non riguardino la totalit\u00e0 dei consiglieri. E\u2019 necessario controllare che non ci sia stata in realt\u00e0 una cattiva comunicazione. Nel caso in cui, invece, si sia trattato di omissione, deve intervenire la Segreteria generale&#8221;.<\/p>\n<p>&#8220;Per quanto riguarda i dirigenti delle partecipate &#8211; conclude -, ricordo che la legge parla di &#8216;pubblicit\u00e0 della situazione patrimoniale&#8217;. Invece i dati pubblicati sono relativi esclusivamente ai compensi legati alla carica ricoperta e non si fa cenno ai patrimoni, per cui si tratta di informazioni incomplete e vorremmo che ne venisse richiesto il completamento&#8221;.<\/p>\n<p>Riguardo al secondo punto, &#8220;la giunta comunale produce due diversi documenti: delibere e determine &#8211; spiega Pongiglione -. Le prime sono pubblicate regolarmente all\u2019Albo pretorio e sono a disposizione dei cittadini per via informatica. Le seconde, dette anche &#8216;Atti di indirizzo&#8217;, non vengono pubblicate, per cui nessun cittadino, e neppure i consiglieri comunali, vengono a conoscenza di tali indicazioni. E\u2019 possibile leggerle, se si sa che esistono, facendo richiesta di accesso agli atti&#8221;.<\/p>\n<p>&#8220;Eppure &#8211; rimarca &#8211; possono trattare argomenti assai importanti. Per esempio, con una determina, il Comune si \u00e8 costituito in giudizio contro il ricorso Gambardella per Margonara (e i cittadini non l&#8217;hanno saputo) e ieri l\u2019assessore Martino ha detto che proprio con una determina la Giunta ha dato un assenso di massima all\u2019affidamento ad ATA del forno crematorio (e anche qui nessuno l\u2019aveva saputo)&#8221;.<\/p>\n<p>&#8220;Ritengo perci\u00f2 &#8211; dice Pongiglione &#8211; che anche le determine debbano essere pubblicate: il Testo Unico Enti Locali, 267\/ 2000, all\u2019art.124 prevede che i cittadini debbano essere informati degli indirizzi amministrativi, di tutte le determinazioni, in particolare di quelli degli organi assembleari, e la Giunta \u00e8 uno di questi. Ho quindi avanzato questa richiesta durante il Consiglio. L\u2019assessore Di Tullio ha risposto che ne parler\u00e0 col Segretario generale&#8221;.<\/p>\n<p>&#8220;Mi rendo conto che questi possono sembrare argomenti marginali rispetto alle emergenze nazionali e locali &#8211; conclude -, ma i due problemi sollevati mostrano che senza un diverso metodo di lavoro non si pu\u00f2 sperare in un diverso rapporto tra cittadini e politica&#8221;.<\/p>\n","protected":false},"excerpt":{"rendered":"<p>Savona. Daniela Pongiglione (Noi per Savona-Verdi) rende noto di aver sollevato due questioni nel Consiglio comunale di marted\u00ec 14 maggio. &#8220;Problemi che ritengo importanti per i cittadini &#8211; dichiara &#8211; perch\u00e9 riguardano la corretta informazione e la trasparenza dell&#8217;azione politica&#8221;. &#8220;Il primo &#8211; scrive Pongiglione &#8211; \u00e8 relativo alla pubblicazione dei redditi patrimoniali di sindaco, [&hellip;]<\/p>\n","protected":false},"author":13744,"featured_media":0,"comment_status":"open","ping_status":"closed","sticky":false,"template":"","format":"standard","meta":{"footnotes":""},"categories":[31],"tags":[186,31760,85850],"class_list":["post-241294","post","type-post","status-publish","format-standard","hentry","category-politica","tag-consiglio-comunale","tag-daniela-pongiglione","tag-savona","post_cat_citta-savona"],"amp_validity":null,"amp_enabled":true,"_links":{"self":[{"href":"https:\/\/staging.ivg.it\/ediapi\/wp\/v2\/posts\/241294","targetHints":{"allow":["GET"]}}],"collection":[{"href":"https:\/\/staging.ivg.it\/ediapi\/wp\/v2\/posts"}],"about":[{"href":"https:\/\/staging.ivg.it\/ediapi\/wp\/v2\/types\/post"}],"author":[{"embeddable":true,"href":"https:\/\/staging.ivg.it\/ediapi\/wp\/v2\/users\/13744"}],"replies":[{"embeddable":true,"href":"https:\/\/staging.ivg.it\/ediapi\/wp\/v2\/comments?post=241294"}],"version-history":[{"count":0,"href":"https:\/\/staging.ivg.it\/ediapi\/wp\/v2\/posts\/241294\/revisions"}],"wp:attachment":[{"href":"https:\/\/staging.ivg.it\/ediapi\/wp\/v2\/media?parent=241294"}],"wp:term":[{"taxonomy":"category","embeddable":true,"href":"https:\/\/staging.ivg.it\/ediapi\/wp\/v2\/categories?post=241294"},{"taxonomy":"post_tag","embeddable":true,"href":"https:\/\/staging.ivg.it\/ediapi\/wp\/v2\/tags?post=241294"}],"curies":[{"name":"wp","href":"https:\/\/api.w.org\/{rel}","templated":true}]}}