{"id":241202,"date":"2013-05-16T11:13:06","date_gmt":"2013-05-16T09:13:06","guid":{"rendered":"http:\/\/www.ivg.it\/?p=241202"},"modified":"2013-05-16T11:13:06","modified_gmt":"2013-05-16T09:13:06","slug":"rally-fulvio-florean-alla-destra-di-andrea-sala-al-citta-di-torino","status":"publish","type":"post","link":"https:\/\/staging.ivg.it\/2013\/05\/rally-fulvio-florean-alla-destra-di-andrea-sala-al-citta-di-torino\/","title":{"rendered":"Rally, Fulvio Florean alla destra di Andrea Sala al Citt\u00e0 di Torino"},"content":{"rendered":"<p><strong>Savona<\/strong>. Archiviate a tempo record le \u201cspazzolate\u201d andate in scena appena una settimana fa al \u201cSaluzzo Master Show\u201d, per Fulvio Florean \u00e8 gi\u00e0 tempo di catalizzare attenzione ed energia fisica verso l&#8217;ennesimo ed imminente impegno agonistico.<\/p>\n<p>Tornato nelle abituali vesti di copilota, pur con la consapevolezza di aver concluso tra gli applausi l&#8217;esperienza al volante della Abarth Grande Punto Super2000, per il portacolori savonese della scuderia Happy Racer \u00e8 pronto il sedile destro della Peugeot 207 Super2000 di Andrea Sala. Una collaborazione che si concretizzer\u00e0 al Rally Citt\u00e0 di Torino, appuntamento casalingo per Happy Racer in scena questo fine settimana.<\/p>\n<p>Una partecipazione, la quarta al fianco di Sala nell&#8217;appuntamento piemontese, avallata da brillanti presupposti: quelli incentrati nel ritagliarsi un ruolo di primo piano nelle altissime sfere della classifica assoluta, rendendosi protagonista di un confronto che vedr\u00e0 Fulvio Florean \u201crapportarsi\u201d con calibri quali Elwis Chentre e Gianluca Verna, entrambi al centro di ripetute collaborazioni con l&#8217;esperto codriver ligure.<\/p>\n<p>\u201cA Saluzzo ho badato a non strapazzare troppo la Punto del team D&#8217;Ambra \u2013 ha commentato Florean nel pregara \u2013, visto che proprio a Torino ad usarla sar\u00e0 Elwis Chentre. Scherzi a parte, l&#8217;atmosfera che respirer\u00f2 sar\u00e0 senz&#8217;altro strana, visto che con Elwis ho gi\u00e0 condiviso due vittorie stagionali. Trovarlo in gara da avversario sar\u00e0 interessante, comunque. Lo stesso varr\u00e0 per Gianluca Verna, un altro pilota a cui sono particolarmente legato\u201d. <\/p>\n<p>Il Rally Citt\u00e0 di Torino sventoler\u00e0 la bandiera tricolore alle ore 21,01 di venerd\u00ec 17 maggio, da via Roma. Arrivo, nella medesima location, previsto l&#8217;indomani, alle ore 18,57. A margine di sei prove speciali di elevata intensit\u00e0 agonistica.<\/p>\n","protected":false},"excerpt":{"rendered":"<p>Savona. Archiviate a tempo record le \u201cspazzolate\u201d andate in scena appena una settimana fa al \u201cSaluzzo Master Show\u201d, per Fulvio Florean \u00e8 gi\u00e0 tempo di catalizzare attenzione ed energia fisica verso l&#8217;ennesimo ed imminente impegno agonistico. Tornato nelle abituali vesti di copilota, pur con la consapevolezza di aver concluso tra gli applausi l&#8217;esperienza al volante [&hellip;]<\/p>\n","protected":false},"author":13744,"featured_media":0,"comment_status":"open","ping_status":"closed","sticky":false,"template":"","format":"standard","meta":{"footnotes":""},"categories":[32],"tags":[4246,2982],"class_list":["post-241202","post","type-post","status-publish","format-standard","hentry","category-sport","tag-fulvio-florean","tag-rally","post_cat_citta-savona"],"amp_validity":null,"amp_enabled":true,"_links":{"self":[{"href":"https:\/\/staging.ivg.it\/ediapi\/wp\/v2\/posts\/241202","targetHints":{"allow":["GET"]}}],"collection":[{"href":"https:\/\/staging.ivg.it\/ediapi\/wp\/v2\/posts"}],"about":[{"href":"https:\/\/staging.ivg.it\/ediapi\/wp\/v2\/types\/post"}],"author":[{"embeddable":true,"href":"https:\/\/staging.ivg.it\/ediapi\/wp\/v2\/users\/13744"}],"replies":[{"embeddable":true,"href":"https:\/\/staging.ivg.it\/ediapi\/wp\/v2\/comments?post=241202"}],"version-history":[{"count":0,"href":"https:\/\/staging.ivg.it\/ediapi\/wp\/v2\/posts\/241202\/revisions"}],"wp:attachment":[{"href":"https:\/\/staging.ivg.it\/ediapi\/wp\/v2\/media?parent=241202"}],"wp:term":[{"taxonomy":"category","embeddable":true,"href":"https:\/\/staging.ivg.it\/ediapi\/wp\/v2\/categories?post=241202"},{"taxonomy":"post_tag","embeddable":true,"href":"https:\/\/staging.ivg.it\/ediapi\/wp\/v2\/tags?post=241202"}],"curies":[{"name":"wp","href":"https:\/\/api.w.org\/{rel}","templated":true}]}}