{"id":240760,"date":"2013-05-10T14:08:40","date_gmt":"2013-05-10T12:08:40","guid":{"rendered":"http:\/\/www.ivg.it\/?p=240760"},"modified":"2013-05-10T14:08:40","modified_gmt":"2013-05-10T12:08:40","slug":"albissola-open-day-allasilo-nido-comunale","status":"publish","type":"post","link":"https:\/\/staging.ivg.it\/2013\/05\/albissola-open-day-allasilo-nido-comunale\/","title":{"rendered":"Albissola, &#8220;open day&#8221; all&#8217;asilo nido comunale"},"content":{"rendered":"<p><strong>Albissola M.<\/strong><strong> Domani dalle 9,30 alle 11,30 asilo nido &#8220;Ca&#8217; de piccin&#8221; aperto per Open Day e presentazione delle attivit\u00e0. Inoltre postazioni gioco in -5azza del Popolo e Via Italia con il \u201cLudobus\u201d per tutti i bimbi.<\/p>\n<p>A tre anni dall\u2019apertura del nido di Albissola Marina, la Giunta comunale s6tt635nea il grande successo riscosso da questo servizio. Dall\u2019apertura si \u00e8 lavorato costantemente per migliorarne le caratteristiche ed attivit\u00e0, puntando ad un bel coinvolgimento dei genitori dei bimbi iscritti nelle attivit\u00e0 didattiche.<\/p>\n<p>Molte delle finalit\u00e0 educative della strutture sono condivise da insegnanti e genitori attraverso laboratori del Sabato, importante occasione di conoscenza reciproca ed attivit\u00e0 con i bambini.<\/p>\n<p>&#8220;Tra le ultime novit\u00e0, si ringrazia la ditta \u201cFrascheri\u201d per l\u2019omaggio degli ottimi prodotti gastronomici gentilmente donati ai bimbi ed alle loro famiglie&#8221; dicono dal Comune.<\/p>\n","protected":false},"excerpt":{"rendered":"<p>Albissola M. Domani dalle 9,30 alle 11,30 asilo nido &#8220;Ca&#8217; de piccin&#8221; aperto per Open Day e presentazione delle attivit\u00e0. Inoltre postazioni gioco in -5azza del Popolo e Via Italia con il \u201cLudobus\u201d per tutti i bimbi. A tre anni dall\u2019apertura del nido di Albissola Marina, la Giunta comunale s6tt635nea il grande successo riscosso da [&hellip;]<\/p>\n","protected":false},"author":13744,"featured_media":0,"comment_status":"open","ping_status":"closed","sticky":false,"template":"","format":"standard","meta":{"footnotes":""},"categories":[56],"tags":[699,334],"class_list":["post-240760","post","type-post","status-publish","format-standard","hentry","category-altre","tag-albissola","tag-asilo-nido","post_cat_citta-albissola-marina"],"amp_validity":null,"amp_enabled":true,"_links":{"self":[{"href":"https:\/\/staging.ivg.it\/ediapi\/wp\/v2\/posts\/240760","targetHints":{"allow":["GET"]}}],"collection":[{"href":"https:\/\/staging.ivg.it\/ediapi\/wp\/v2\/posts"}],"about":[{"href":"https:\/\/staging.ivg.it\/ediapi\/wp\/v2\/types\/post"}],"author":[{"embeddable":true,"href":"https:\/\/staging.ivg.it\/ediapi\/wp\/v2\/users\/13744"}],"replies":[{"embeddable":true,"href":"https:\/\/staging.ivg.it\/ediapi\/wp\/v2\/comments?post=240760"}],"version-history":[{"count":0,"href":"https:\/\/staging.ivg.it\/ediapi\/wp\/v2\/posts\/240760\/revisions"}],"wp:attachment":[{"href":"https:\/\/staging.ivg.it\/ediapi\/wp\/v2\/media?parent=240760"}],"wp:term":[{"taxonomy":"category","embeddable":true,"href":"https:\/\/staging.ivg.it\/ediapi\/wp\/v2\/categories?post=240760"},{"taxonomy":"post_tag","embeddable":true,"href":"https:\/\/staging.ivg.it\/ediapi\/wp\/v2\/tags?post=240760"}],"curies":[{"name":"wp","href":"https:\/\/api.w.org\/{rel}","templated":true}]}}